{"id":13921,"date":"2017-05-09T09:20:49","date_gmt":"2017-05-09T07:20:49","guid":{"rendered":"http:\/\/ulqini-online.com\/sajti\/?p=13921"},"modified":"2017-05-10T11:47:05","modified_gmt":"2017-05-10T09:47:05","slug":"shoqata-ora-kete-fundjave-organizon-edicionin-e-14-te-te-manifestimit-pranvera-ne-ane-te-malit","status":"publish","type":"post","link":"https:\/\/ulqini-online.com\/sajti\/?p=13921","title":{"rendered":"Shoqata \u201eORA\u201c k\u00ebt\u00eb fundjav\u00eb organizon edicionin e 14-t\u00eb t\u00eb manifestimit \u201ePranvera n\u00eb An\u00eb t\u00eb Malit\u201c &#8211; Programi"},"content":{"rendered":"<p><a href=\"https:\/\/ulqini-online.com\/sajti\/wp-content\/uploads\/2016\/05\/pranvera-ne-ane-te-malit-nata-I-2.jpg\"><img loading=\"lazy\" decoding=\"async\" class=\"aligncenter wp-image-9256 size-full\" src=\"https:\/\/ulqini-online.com\/sajti\/wp-content\/uploads\/2016\/05\/pranvera-ne-ane-te-malit-nata-I-2.jpg\" alt=\"\" width=\"600\" height=\"450\" srcset=\"https:\/\/ulqini-online.com\/sajti\/wp-content\/uploads\/2016\/05\/pranvera-ne-ane-te-malit-nata-I-2.jpg 600w, https:\/\/ulqini-online.com\/sajti\/wp-content\/uploads\/2016\/05\/pranvera-ne-ane-te-malit-nata-I-2-300x225.jpg 300w\" sizes=\"auto, (max-width: 600px) 100vw, 600px\" \/><\/a><\/p>\n<p>K\u00ebt\u00eb fundjav\u00eb, 12 &#8211; 14 maj 2017,\u00a0 OJQ &#8221;ORA&#8221; do t\u00eb organizoj\u00eb edicionin e 14-t\u00eb t\u00eb manifestimin tradicional gjith\u00ebpopullor \u201ePranvera n\u00eb An\u00eb t\u00eb Malit 2017\u201c<\/p>\n<p>Nat\u00ebn a par\u00eb t\u00eb manifestimit, n\u00eb kuad\u00ebr t\u00eb ciklit \u201eAna e Malit n\u00eb vite\u201c, n\u00eb ambientet e Amfiteatrit t\u00eb Kalas\u00eb s\u00eb Shasit \u00ebsht\u00eb parapar\u00eb: \u00a0Prezantimi i Eposit t\u00eb Kreshnikve, K\u00ebng\u00eb tradicionale si dhe Ekspozita e piktorit Gazmend Leka<\/p>\n<p>Dita e dyt\u00eb e manifestimit \u00ebsht\u00eb e rezervuar p\u00ebr sport nd\u00ebrsa nd\u00ebrsa n\u00eb mbr\u00ebmje Prezantim i trashegimis\u00eb kulturore si dhe mb\u00ebrmje muzikore me k\u00ebng\u00ebtaren Egzona Salaj.<\/p>\n<p>Dit\u00ebn qendrore, t\u00eb dielen, sipas programit t\u00eb p\u00ebrpiluar do t\u00eb ket\u00eb Program kulturo &#8211; artistik, lojra popullore, ushqime tradicionale etj.<\/p>\n<p>M\u00eb posht\u00eb \u00ebsht\u00eb programi i detajuar.<\/p>\n<p>&nbsp;<\/p>\n<p><em><strong>PROGRAMI I MANIFESTIMIT PRANVERA N\u00cb AN\u00cb T\u00cb MALIT 2017<\/strong><\/em><\/p>\n<p>&nbsp;<\/p>\n<p><strong>E PREMTE, 12 MAJ 2017, ORA 19:00, AMFITEATRI I KALAS\u00cb S\u00cb SHASIT<\/strong><\/p>\n<p>Ana e Malit n\u00eb vite<\/p>\n<ul>\n<li>Prezantimi i Eposit t\u00eb Kreshnikve<\/li>\n<li>K\u00ebng\u00eb tradicionale<\/li>\n<li>Ekspozita e piktorit Gazmend Leka<\/li>\n<li>Koktei<\/li>\n<\/ul>\n<p><strong>E SHTUN\u00cb, 13 MAJ 2017,<\/strong><\/p>\n<p>N\u00cb ORA 10:00, RESTORANT SHASI<\/p>\n<ul>\n<li>Turne n\u00eb shah,<\/li>\n<li>Turne n\u00eb volejboll,<\/li>\n<li>Turne n\u00eb pingpong,<\/li>\n<li>Turne n\u00eb futboll nd\u00ebrmjet institucioneve,<\/li>\n<\/ul>\n<p>N\u00cb ORA 19:00, N\u00cb AMFITEATRIN E KALAS\u00cb S\u00cb SHASIT<\/p>\n<ul>\n<li>Prezantim i trashegimis kulturore<\/li>\n<li>Mbr\u00ebmje muzikore &#8211; Egzona Salaj<\/li>\n<\/ul>\n<p><strong>E DIEL, 14 MAJ 2017, ORA 17:00, SKENA E PRANVER\u00cbS (STADIONI I SHASIT)<\/strong><\/p>\n<ul>\n<li>Program kulturo &#8211; artistik<\/li>\n<li>Loj\u00ebra popullore<\/li>\n<li>Ushqim tradicional<\/li>\n<li>Piknik<\/li>\n<\/ul>\n<p>&nbsp;<\/p>\n<p><a href=\"https:\/\/ulqini-online.com\/sajti\/wp-content\/uploads\/2017\/05\/pranvera-ne-ane-te-malit-2017.jpg\"><img loading=\"lazy\" decoding=\"async\" class=\"aligncenter wp-image-13930 \" src=\"https:\/\/ulqini-online.com\/sajti\/wp-content\/uploads\/2017\/05\/pranvera-ne-ane-te-malit-2017.jpg\" alt=\"\" width=\"548\" height=\"822\" srcset=\"https:\/\/ulqini-online.com\/sajti\/wp-content\/uploads\/2017\/05\/pranvera-ne-ane-te-malit-2017.jpg 400w, https:\/\/ulqini-online.com\/sajti\/wp-content\/uploads\/2017\/05\/pranvera-ne-ane-te-malit-2017-200x300.jpg 200w\" sizes=\"auto, (max-width: 548px) 100vw, 548px\" \/><\/a><\/p>\n","protected":false},"excerpt":{"rendered":"<p>K\u00ebt\u00eb fundjav\u00eb, 12 &#8211; 14 maj 2017,\u00a0 OJQ &#8221;ORA&#8221; do t\u00eb organizoj\u00eb edicionin e 14-t\u00eb t\u00eb manifestimin tradicional gjith\u00ebpopullor \u201ePranvera n\u00eb An\u00eb t\u00eb Malit 2017\u201c Nat\u00ebn a par\u00eb t\u00eb manifestimit, n\u00eb kuad\u00ebr t\u00eb ciklit \u201eAna e Malit n\u00eb vite\u201c, n\u00eb ambientet e Amfiteatrit t\u00eb Kalas\u00eb s\u00eb Shasit \u00ebsht\u00eb parapar\u00eb: \u00a0Prezantimi i Eposit t\u00eb Kreshnikve, K\u00ebng\u00eb [&hellip;]<\/p>\n","protected":false},"author":1,"featured_media":9256,"comment_status":"closed","ping_status":"open","sticky":false,"template":"","format":"standard","meta":{"_seopress_robots_primary_cat":"","_seopress_titles_title":"","_seopress_titles_desc":"","_seopress_robots_index":"","footnotes":""},"categories":[2,6],"tags":[691,693,692,690,689,688],"class_list":["post-13921","post","type-post","status-publish","format-standard","has-post-thumbnail","hentry","category-aktualitet","category-kulture","tag-ana-e-malit-ne-vite","tag-dritan-kurti","tag-egzona-salaj","tag-gazmend-leka","tag-pranvera-ne-ane-te-mali","tag-qyteti-shasit"],"_links":{"self":[{"href":"https:\/\/ulqini-online.com\/sajti\/index.php?rest_route=\/wp\/v2\/posts\/13921","targetHints":{"allow":["GET"]}}],"collection":[{"href":"https:\/\/ulqini-online.com\/sajti\/index.php?rest_route=\/wp\/v2\/posts"}],"about":[{"href":"https:\/\/ulqini-online.com\/sajti\/index.php?rest_route=\/wp\/v2\/types\/post"}],"author":[{"embeddable":true,"href":"https:\/\/ulqini-online.com\/sajti\/index.php?rest_route=\/wp\/v2\/users\/1"}],"replies":[{"embeddable":true,"href":"https:\/\/ulqini-online.com\/sajti\/index.php?rest_route=%2Fwp%2Fv2%2Fcomments&post=13921"}],"version-history":[{"count":7,"href":"https:\/\/ulqini-online.com\/sajti\/index.php?rest_route=\/wp\/v2\/posts\/13921\/revisions"}],"predecessor-version":[{"id":13931,"href":"https:\/\/ulqini-online.com\/sajti\/index.php?rest_route=\/wp\/v2\/posts\/13921\/revisions\/13931"}],"wp:featuredmedia":[{"embeddable":true,"href":"https:\/\/ulqini-online.com\/sajti\/index.php?rest_route=\/wp\/v2\/media\/9256"}],"wp:attachment":[{"href":"https:\/\/ulqini-online.com\/sajti\/index.php?rest_route=%2Fwp%2Fv2%2Fmedia&parent=13921"}],"wp:term":[{"taxonomy":"category","embeddable":true,"href":"https:\/\/ulqini-online.com\/sajti\/index.php?rest_route=%2Fwp%2Fv2%2Fcategories&post=13921"},{"taxonomy":"post_tag","embeddable":true,"href":"https:\/\/ulqini-online.com\/sajti\/index.php?rest_route=%2Fwp%2Fv2%2Ftags&post=13921"}],"curies":[{"name":"wp","href":"https:\/\/api.w.org\/{rel}","templated":true}]}}