{"id":13916,"date":"2017-05-09T08:30:09","date_gmt":"2017-05-09T06:30:09","guid":{"rendered":"http:\/\/ulqini-online.com\/sajti\/?p=13916"},"modified":"2017-05-09T08:45:26","modified_gmt":"2017-05-09T06:45:26","slug":"edhe-sa-duhet-te-presim","status":"publish","type":"post","link":"https:\/\/ulqini-online.com\/sajti\/?p=13916","title":{"rendered":"EDHE SA DUHET T\u00cb PRESIM ?!"},"content":{"rendered":"<p><a href=\"https:\/\/ulqini-online.com\/sajti\/wp-content\/uploads\/2017\/04\/asdren-celaj.jpg\"><img loading=\"lazy\" decoding=\"async\" class=\"aligncenter wp-image-13807 size-full\" src=\"https:\/\/ulqini-online.com\/sajti\/wp-content\/uploads\/2017\/04\/asdren-celaj.jpg\" alt=\"\" width=\"433\" height=\"400\" srcset=\"https:\/\/ulqini-online.com\/sajti\/wp-content\/uploads\/2017\/04\/asdren-celaj.jpg 433w, https:\/\/ulqini-online.com\/sajti\/wp-content\/uploads\/2017\/04\/asdren-celaj-300x277.jpg 300w\" sizes=\"auto, (max-width: 433px) 100vw, 433px\" \/><\/a><\/p>\n<p>Nga Asdren \u00c7elaj*<\/p>\n<p>Kan\u00eb kaluar thuajse dy muaj q\u00eb kur Kuvendi Komunal i Gucis\u00eb ka miratuar buxhetin p\u00ebr vitin 2017. Jemi n\u00eb prag t\u00eb fillimit t\u00eb periudhes turistike p\u00ebr k\u00ebt\u00eb vit, sektorit kryesor\u00eb t\u00eb zhvillimit t\u00eb vendit ton\u00eb!<\/p>\n<p>Shum\u00eb mjete u ndan\u00eb p\u00ebr investime n\u00eb sektor\u00eb t\u00eb ndrysh\u00ebm por ende nuk v\u00ebrehet q\u00eb di\u00e7ka t\u00eb ket\u00eb filluar t\u00eb nd\u00ebrtohet!<\/p>\n<p>Jo vet\u00ebm dy muaj, por kaluan m\u00eb shum\u00eb se tre vite q\u00eb kur Gucia u b\u00eb komun\u00eb m\u00eb vete!<\/p>\n<p>Ku mbeten gjith\u00eb ato premtime e fjal\u00eb q\u00eb u than\u00eb m\u00eb par\u00eb?!.<br \/>\nDurimit dikur mund t&#8217;i vije fundi. Populli nuk duron deri n\u00eb pafund\u00ebsi!<\/p>\n<p>Edhe n\u00eb vendet m\u00eb komuniste, populli do ta humbte durimin, e l\u00ebre m\u00eb n\u00eb nj\u00eb vend &#8220;demokratik&#8221;!?<\/p>\n<p>\u00c7&#8217;do dit\u00eb njerzit ikin nga ky vend. Dikush do t\u00eb duhej t\u00eb mbante p\u00ebrgjegj\u00ebsi (t\u00eb pakt\u00ebn p\u00ebrgjegj\u00ebsi morale) p\u00ebr k\u00ebt\u00eb emigrim masiv, sidomos t\u00eb t\u00eb rinj\u00ebve, t\u00eb cil\u00ebve u humbi \u00e7&#8217;do shpres\u00eb se k\u00ebtu do t\u00eb b\u00ebhet m\u00eb mir\u00eb!<\/p>\n<p>Sa i g\u00ebzuesh\u00ebm, aq i \u00e7uditsh\u00ebm \u00ebsht\u00eb fakti se m\u00eb shum\u00eb investime dhe punime kemi n\u00eb Guci nga diaspora shqiptare (sidomos Fondacioni Plav\u00eb- Guci) sesa nga vet Komuna apo shteti i Malit t\u00eb Zi!<\/p>\n<p>Andaj populli duhet ta dij\u00eb se kjo qeverisje lokale, p\u00ebrve\u00e7 mbushjes s\u00eb xhepave t\u00eb vet nuk mendon p\u00ebr asgj\u00eb tjet\u00ebr, nuk mendon (t\u00eb pakt\u00ebn) as p\u00ebr votuesin e vet!<\/p>\n<p>Edhe n\u00ebse t\u00eb gjith\u00eb jan\u00eb n\u00eb gjum\u00eb, edhe n\u00ebse askush nuk i d\u00ebgjon k\u00ebrkesat tuaja, un\u00eb do t\u00eb rri zgjuar 24 or\u00eb n\u00eb dit\u00eb n\u00eb m\u00ebnyr\u00eb q\u00eb z\u00ebri juaj t\u00eb d\u00ebgjohet, jo vet\u00ebm k\u00ebtu por edhe m\u00eb larg!<\/p>\n<p>T\u00eb gjith\u00eb qytetar\u00ebve t\u00eb Gucis\u00eb u them se nuk jeni vet\u00ebm.<br \/>\nP\u00ebr \u00e7&#8217;do ankes\u00eb, p\u00ebr \u00e7&#8217;do k\u00ebrkes\u00eb, p\u00ebr \u00e7&#8217;do hall t\u00eb juajin m\u00eb tregoni kurdoher\u00eb, n\u00eb \u00e7&#8217;do koh\u00eb dhe do ta shtroj si problem!<\/p>\n<p>Nuk do t\u00eb ju n\u00ebp\u00ebrk\u00ebmb\u00eb askush, nuk do t\u00eb mund t\u00eb ju n\u00ebnvler\u00ebsoj askush, jeni njer\u00ebzit m\u00eb shpirt\u00eb-bardh\u00eb n\u00eb bot\u00eb dhe nuk do ta lejojm\u00eb ask\u00ebnd t\u00eb luaj me ndnjenjat tuaja, t\u00eb luaj me nderin tuaj, t\u00eb luaj me krenarin\u00eb ton\u00eb!<\/p>\n<p>JENI T\u00cb VE\u00c7ANT\u00cb. KRENAR\u00cb ME JU!<\/p>\n<p>*Autori \u00ebsht\u00eb Master i Filozofis\u00eb, kryetar i Klubit t\u00eb K\u00ebshilltar\u00ebve t\u00eb Lidhjes Demokratike<\/p>\n","protected":false},"excerpt":{"rendered":"<p>Nga Asdren \u00c7elaj* Kan\u00eb kaluar thuajse dy muaj q\u00eb kur Kuvendi Komunal i Gucis\u00eb ka miratuar buxhetin p\u00ebr vitin 2017. Jemi n\u00eb prag t\u00eb fillimit t\u00eb periudhes turistike p\u00ebr k\u00ebt\u00eb vit, sektorit kryesor\u00eb t\u00eb zhvillimit t\u00eb vendit ton\u00eb! Shum\u00eb mjete u ndan\u00eb p\u00ebr investime n\u00eb sektor\u00eb t\u00eb ndrysh\u00ebm por ende nuk v\u00ebrehet q\u00eb di\u00e7ka t\u00eb [&hellip;]<\/p>\n","protected":false},"author":1,"featured_media":13807,"comment_status":"closed","ping_status":"open","sticky":false,"template":"","format":"standard","meta":{"_seopress_robots_primary_cat":"","_seopress_titles_title":"","_seopress_titles_desc":"","_seopress_robots_index":"","footnotes":""},"categories":[2,12],"tags":[],"class_list":["post-13916","post","type-post","status-publish","format-standard","has-post-thumbnail","hentry","category-aktualitet","category-opinione"],"_links":{"self":[{"href":"https:\/\/ulqini-online.com\/sajti\/index.php?rest_route=\/wp\/v2\/posts\/13916","targetHints":{"allow":["GET"]}}],"collection":[{"href":"https:\/\/ulqini-online.com\/sajti\/index.php?rest_route=\/wp\/v2\/posts"}],"about":[{"href":"https:\/\/ulqini-online.com\/sajti\/index.php?rest_route=\/wp\/v2\/types\/post"}],"author":[{"embeddable":true,"href":"https:\/\/ulqini-online.com\/sajti\/index.php?rest_route=\/wp\/v2\/users\/1"}],"replies":[{"embeddable":true,"href":"https:\/\/ulqini-online.com\/sajti\/index.php?rest_route=%2Fwp%2Fv2%2Fcomments&post=13916"}],"version-history":[{"count":1,"href":"https:\/\/ulqini-online.com\/sajti\/index.php?rest_route=\/wp\/v2\/posts\/13916\/revisions"}],"predecessor-version":[{"id":13917,"href":"https:\/\/ulqini-online.com\/sajti\/index.php?rest_route=\/wp\/v2\/posts\/13916\/revisions\/13917"}],"wp:featuredmedia":[{"embeddable":true,"href":"https:\/\/ulqini-online.com\/sajti\/index.php?rest_route=\/wp\/v2\/media\/13807"}],"wp:attachment":[{"href":"https:\/\/ulqini-online.com\/sajti\/index.php?rest_route=%2Fwp%2Fv2%2Fmedia&parent=13916"}],"wp:term":[{"taxonomy":"category","embeddable":true,"href":"https:\/\/ulqini-online.com\/sajti\/index.php?rest_route=%2Fwp%2Fv2%2Fcategories&post=13916"},{"taxonomy":"post_tag","embeddable":true,"href":"https:\/\/ulqini-online.com\/sajti\/index.php?rest_route=%2Fwp%2Fv2%2Ftags&post=13916"}],"curies":[{"name":"wp","href":"https:\/\/api.w.org\/{rel}","templated":true}]}}