{"id":13796,"date":"2017-04-30T13:34:48","date_gmt":"2017-04-30T11:34:48","guid":{"rendered":"http:\/\/ulqini-online.com\/sajti\/?p=13796"},"modified":"2017-04-30T16:03:53","modified_gmt":"2017-04-30T14:03:53","slug":"zijadini","status":"publish","type":"post","link":"https:\/\/ulqini-online.com\/sajti\/?p=13796","title":{"rendered":"ZI(J)ADINI"},"content":{"rendered":"<p><a href=\"https:\/\/ulqini-online.com\/sajti\/wp-content\/uploads\/2017\/04\/Zijadin-Sela.jpg\"><img loading=\"lazy\" decoding=\"async\" class=\"aligncenter wp-image-13797 \" src=\"https:\/\/ulqini-online.com\/sajti\/wp-content\/uploads\/2017\/04\/Zijadin-Sela.jpg\" alt=\"\" width=\"497\" height=\"364\" srcset=\"https:\/\/ulqini-online.com\/sajti\/wp-content\/uploads\/2017\/04\/Zijadin-Sela.jpg 410w, https:\/\/ulqini-online.com\/sajti\/wp-content\/uploads\/2017\/04\/Zijadin-Sela-300x220.jpg 300w\" sizes=\"auto, (max-width: 497px) 100vw, 497px\" \/><\/a><\/p>\n<p><strong>Shkruan Agim Vinca<\/strong><\/p>\n<p>Koh\u00eb m\u00eb par\u00eb, n\u00eb nj\u00eb intervist\u00eb p\u00ebr shtyp, pata th\u00ebn\u00eb se kryetari i Partis\u00eb Demokratike Shqiptare- L\u00ebvizjes p\u00ebr Reforma (PDSH-LR), Zijadin Sela, \u00ebsht\u00eb i vetmi politikan shqiptar n\u00eb Maqedoni q\u00eb ka karizm\u00ebn e nj\u00eb lideri.<\/p>\n<p>Krejt mllefin dhe urrejtjen e tyre patologjike, huligan\u00ebt e Gruevskit, q\u00eb hyn\u00eb dhunsh\u00ebm n\u00eb nd\u00ebrtes\u00ebn e Kuvendit t\u00eb Maqedonis\u00eb, sikur e kishin me djaloshin flok\u00ebgjat\u00eb e trupgjat\u00eb nga Livadhia e Strug\u00ebs, krenar e elokuent dhe t\u00eb formuar politikisht, zotin Ziadin Sela.<\/p>\n<p>Askush nga deputet\u00ebt shqiptar\u00eb nuk p\u00ebsoi si ai, sepse askush nuk ka qen\u00eb aq i qart\u00eb, aq i artikuluar dhe aq konsekuent n\u00eb deklaratat dhe paraqitjet e tij p\u00ebr barazin\u00eb e shqiptar\u00ebve n\u00eb shtetin q\u00eb quhet Republika e Maqedonis\u00eb.<\/p>\n<p>Dhe jo vet\u00ebm n\u00eb koh\u00eb t\u00eb fundit, n\u00eb situat\u00ebn e krijuar pas zgjedhjeve t\u00eb 10 dhjetorit 2016, por edhe m\u00eb par\u00eb, gjithnj\u00eb, prejse ka dal\u00eb n\u00eb sken\u00ebn politike.<\/p>\n<p>Mbahet mend performanca e tij si deputet n\u00eb Kuvendin e Maqedonis\u00eb, vite m\u00eb par\u00eb: diskutimet dhe k\u00ebrkesat e qarta, t\u00eb guximshme e t\u00eb argumentuara. Njer\u00ebzit, sidomos t\u00eb rinjt\u00eb, n\u00eb t\u00ebr\u00eb Maqedonin\u00eb shqiptare, e ndalonin n\u00eb rrug\u00eb q\u00eb ta p\u00ebrsh\u00ebndesnin dhe t\u00eb fotografoheshin me t\u00eb.<\/p>\n<p>Edhe si kryetar komune, i komun\u00ebs s\u00eb Strug\u00ebs, ku u zgjodh n\u00eb nj\u00eb konkurrenc\u00eb t\u00eb fort\u00eb, por plot\u00ebsisht luajale, me nj\u00eb djalosh tjet\u00ebr atdhetar nga kjo trev\u00eb, Arben Lab\u00ebnishtin, u p\u00ebrpoq t\u00eb punonte sa m\u00eb shum\u00eb dhe sa m\u00eb mir\u00eb q\u00eb ishte e mundur. Por u ballafaqua vazhdimisht me obstruksionet e pushtetit qendror, q\u00eb i b\u00ebheshin n\u00eb \u00e7do hap, sidomos n\u00eb buxhet, si dhe me intriga dhe st\u00ebrkamca t\u00eb shumta n\u00eb nivelin lokal t\u00eb nj\u00eb komune, e cila, p\u00ebr shum\u00eb arsye, mund t\u00eb quhet e v\u00ebshtir\u00eb p\u00ebr t\u2019u qeverisur, si\u00e7 \u00ebsht\u00eb Struga.<\/p>\n<p>Kam v\u00ebrejtur se fjala m\u00eb e shpesht\u00eb n\u00eb diskursin politik t\u00eb Ziadin Sel\u00ebs, si\u00e7 e shkruan emrin e vet ai, ngaq\u00eb ashtu e kan\u00eb regjistruar, \u00ebsht\u00eb fjala: dinjitet.<\/p>\n<p>Zijadin Sela \u00ebsht\u00eb politikan q\u00eb lufton pa kompromis p\u00ebr t\u00eb drejtat, lirit\u00eb dhe dinjitetin e popullit t\u00eb vet, t\u00eb popullit shqiptar n\u00eb Maqedoni.<\/p>\n<p>Zijadin Sela \u00ebsht\u00eb politikan dhe veprimtar politik, q\u00eb duke luftuar p\u00ebr t\u00eb drejtat, lirit\u00eb dhe dinjitetin e popullit t\u00eb vet, nuk i cenon n\u00eb asnj\u00eb rast t\u00eb drejtat, lirit\u00eb dhe dinjitetin e t\u00eb tjer\u00ebve.<\/p>\n<p>N\u00eb k\u00ebt\u00eb aspekt ai \u00ebsht\u00eb nx\u00ebn\u00ebs i poetit ton\u00eb t\u00eb madh komb\u00ebtar, Naim Frash\u00ebrit, i cili thoshte se ne shqiptar\u00ebt duam t\u00eb jetojm\u00eb n\u00eb paqe me sllav\u00ebt e t\u00eb tjer\u00ebt si fqinj t\u00eb mir\u00eb ose edhe bashk\u00eb, por me nj\u00eb kusht: \u201cq\u00eb me nj\u00eb shikim t\u00eb kuptohet se e drejt\u00eb e tjetrit duhet t\u00eb respektohet\u201d.<\/p>\n<p>I qart\u00eb n\u00eb q\u00ebndrime dhe i guximsh\u00ebm n\u00eb veprime, jo vet\u00ebm n\u00eb planin politik, por edhe n\u00eb at\u00eb kulturor e identitar, ai u b\u00eb hal\u00eb n\u00eb sy t\u00eb shoven\u00ebve dhe obskurantist\u00ebve t\u00eb t\u00eb gjitha ngjyrave.<\/p>\n<p>Deri dje ai ishte m\u00eb i shari n\u00eb portale e emisione; ishte cak i vazhduesh\u00ebm i dhun\u00ebs verbale, kurse nga mbr\u00ebm\u00eb edhe viktim\u00eb e terrorit fizik t\u00eb shovinist\u00ebve maqedonas, t\u00eb cil\u00ebt t\u00eb dehur nga mllefi e urrejtja, e godit\u00ebn r\u00ebnd\u00eb at\u00eb.<\/p>\n<p>Huligan\u00ebt e nd\u00ebrkryer, t\u00eb nd\u00ebrsyer nga politika e diktatorit t\u00eb vog\u00ebl ballkanas, Nikolla Gruesvki dhe vegla e tij qorre, Gjorgje Ivanov, i quajtur \u201cPresident\u201d, duan t\u2019i frik\u00ebsojn\u00eb njer\u00ebzit si Zijadin Sela q\u00eb luftojn\u00eb p\u00ebr kauz\u00ebn e tyre t\u00eb drejt\u00eb.<\/p>\n<p>T\u00eb dehur nga shovinizmi, por edhe nga etja p\u00ebr pushtet, ata nuk i zgjedhin mjetet as ndaj kund\u00ebrshtar\u00ebve politik\u00eb nga radh\u00ebt e etnis\u00eb s\u00eb tyre, sepse mbr\u00ebm\u00eb, n\u00eb \u201ctempullin e demokracis\u00eb\u201d, u p\u00ebrgjak edhe kryetari i LSDM-s\u00eb dhe kandidat p\u00ebr kryeminist\u00ebr t\u00eb Maqedonis\u00eb, Zoran Zaev dhe disa deputet\u00eb t\u00eb tjer\u00eb.<\/p>\n<p>Ata q\u00eb n\u00eb mbr\u00ebmjen e 27 prillit hyn\u00eb si eg\u00ebrsira n\u00eb nd\u00ebrtes\u00ebn e Kuvendit t\u00eb Maqedonis\u00eb, duhet t\u00eb nd\u00ebshkohen n\u00eb m\u00ebnyr\u00eb shembullore: me burg p\u00ebr dhun\u00eb ndaj institucionit m\u00eb t\u00eb lart\u00eb legjislativ t\u00eb vendit dhe ushtrim dhune ndaj p\u00ebrfaq\u00ebsuesve t\u00eb popullit, deputet\u00ebve t\u00eb dal\u00eb nga zgjedhjet e rregullta parlamentare.<\/p>\n<p>Duhet t\u00eb nd\u00ebshkohen huligan\u00ebt dhe t\u00eb demaskohen e nd\u00ebshkohen ata q\u00eb i kan\u00eb frym\u00ebzuar dhe vazhdojn\u00eb t\u2019i frym\u00ebzojn\u00eb t\u00eb till\u00ebt p\u00ebr veprime t\u00eb dhunshme, q\u00eb po qe se nuk nd\u00ebshkohen mund t\u00eb p\u00ebrs\u00ebriten n\u00eb m\u00ebnyr\u00eb edhe m\u00eb brutale.<\/p>\n<p>N\u00eb qoft\u00eb se ata q\u00eb ushtruan dhun\u00eb ndaj deputetit Zijadin Sela, duke ia rrezikuar edhe jet\u00ebn, por edhe ndaj t\u00eb tjer\u00ebve, nuk d\u00ebnohen, por lihen t\u00eb lir\u00eb, n\u00eb mos edhe shp\u00ebrblehen, nuk p\u00ebrjashtohet mund\u00ebsia q\u00eb t\u00eb veproj\u00eb ligji i lasht\u00eb i njohur n\u00eb k\u00ebto troje q\u00eb nga tragjedit\u00eb antike: vet\u00ebgjyq\u00ebsia.<\/p>\n<p>Kryetari i PDSH-LR-s\u00eb dhe deputeti i Kuvendit t\u00eb Maqedonis\u00eb, Zijadin Sela, mjek me profesion, \u00ebsht\u00eb n\u00eb duart e mjek\u00ebve, n\u00eb spital. I urojm\u00eb sh\u00ebrim t\u00eb shpejt\u00eb dhe kthim sa m\u00eb t\u00eb shpejt\u00eb n\u00eb pun\u00ebn dhe aktivitetin e tij politik, p\u00ebr t\u00eb mir\u00ebn e shqiptar\u00ebve dhe t\u00eb gjith\u00eb qytetar\u00ebve t\u00eb Republik\u00ebs s\u00eb Maqedonis\u00eb.<\/p>\n<p>\/insajderi\/<\/p>\n","protected":false},"excerpt":{"rendered":"<p>Shkruan Agim Vinca Koh\u00eb m\u00eb par\u00eb, n\u00eb nj\u00eb intervist\u00eb p\u00ebr shtyp, pata th\u00ebn\u00eb se kryetari i Partis\u00eb Demokratike Shqiptare- L\u00ebvizjes p\u00ebr Reforma (PDSH-LR), Zijadin Sela, \u00ebsht\u00eb i vetmi politikan shqiptar n\u00eb Maqedoni q\u00eb ka karizm\u00ebn e nj\u00eb lideri. Krejt mllefin dhe urrejtjen e tyre patologjike, huligan\u00ebt e Gruevskit, q\u00eb hyn\u00eb dhunsh\u00ebm n\u00eb nd\u00ebrtes\u00ebn e Kuvendit [&hellip;]<\/p>\n","protected":false},"author":1,"featured_media":13797,"comment_status":"closed","ping_status":"open","sticky":false,"template":"","format":"standard","meta":{"_seopress_robots_primary_cat":"","_seopress_titles_title":"","_seopress_titles_desc":"","_seopress_robots_index":"","footnotes":""},"categories":[2,12],"tags":[],"class_list":["post-13796","post","type-post","status-publish","format-standard","has-post-thumbnail","hentry","category-aktualitet","category-opinione"],"_links":{"self":[{"href":"https:\/\/ulqini-online.com\/sajti\/index.php?rest_route=\/wp\/v2\/posts\/13796","targetHints":{"allow":["GET"]}}],"collection":[{"href":"https:\/\/ulqini-online.com\/sajti\/index.php?rest_route=\/wp\/v2\/posts"}],"about":[{"href":"https:\/\/ulqini-online.com\/sajti\/index.php?rest_route=\/wp\/v2\/types\/post"}],"author":[{"embeddable":true,"href":"https:\/\/ulqini-online.com\/sajti\/index.php?rest_route=\/wp\/v2\/users\/1"}],"replies":[{"embeddable":true,"href":"https:\/\/ulqini-online.com\/sajti\/index.php?rest_route=%2Fwp%2Fv2%2Fcomments&post=13796"}],"version-history":[{"count":4,"href":"https:\/\/ulqini-online.com\/sajti\/index.php?rest_route=\/wp\/v2\/posts\/13796\/revisions"}],"predecessor-version":[{"id":13801,"href":"https:\/\/ulqini-online.com\/sajti\/index.php?rest_route=\/wp\/v2\/posts\/13796\/revisions\/13801"}],"wp:featuredmedia":[{"embeddable":true,"href":"https:\/\/ulqini-online.com\/sajti\/index.php?rest_route=\/wp\/v2\/media\/13797"}],"wp:attachment":[{"href":"https:\/\/ulqini-online.com\/sajti\/index.php?rest_route=%2Fwp%2Fv2%2Fmedia&parent=13796"}],"wp:term":[{"taxonomy":"category","embeddable":true,"href":"https:\/\/ulqini-online.com\/sajti\/index.php?rest_route=%2Fwp%2Fv2%2Fcategories&post=13796"},{"taxonomy":"post_tag","embeddable":true,"href":"https:\/\/ulqini-online.com\/sajti\/index.php?rest_route=%2Fwp%2Fv2%2Ftags&post=13796"}],"curies":[{"name":"wp","href":"https:\/\/api.w.org\/{rel}","templated":true}]}}