{"id":13437,"date":"2017-04-06T12:54:10","date_gmt":"2017-04-06T10:54:10","guid":{"rendered":"http:\/\/ulqini-online.com\/sajti\/?p=13437"},"modified":"2017-04-06T12:54:41","modified_gmt":"2017-04-06T10:54:41","slug":"shqiperia-ne-nato-nje-pike-e-shkelqyeshme-e-historise-post-komuniste","status":"publish","type":"post","link":"https:\/\/ulqini-online.com\/sajti\/?p=13437","title":{"rendered":"SHQIP\u00cbRIA N\u00cb NATO, NJ\u00cb PIK\u00cb E SHK\u00cbLQYESHME E HISTORIS\u00cb POST-KOMUNISTE"},"content":{"rendered":"<p><a href=\"https:\/\/ulqini-online.com\/sajti\/wp-content\/uploads\/2017\/03\/senati-amerikan-mali-zi-nato.jpg\"><img loading=\"lazy\" decoding=\"async\" class=\"aligncenter wp-image-13257 size-full\" src=\"https:\/\/ulqini-online.com\/sajti\/wp-content\/uploads\/2017\/03\/senati-amerikan-mali-zi-nato.jpg\" alt=\"\" width=\"500\" height=\"250\" srcset=\"https:\/\/ulqini-online.com\/sajti\/wp-content\/uploads\/2017\/03\/senati-amerikan-mali-zi-nato.jpg 500w, https:\/\/ulqini-online.com\/sajti\/wp-content\/uploads\/2017\/03\/senati-amerikan-mali-zi-nato-300x150.jpg 300w\" sizes=\"auto, (max-width: 500px) 100vw, 500px\" \/><\/a><br \/>\n<strong>Nga Frank Shkreli<\/strong><\/p>\n<p>K\u00ebt\u00eb jav\u00eb, Shqip\u00ebria sh\u00ebnoi 8-vjetorin e antar\u00ebsimit t\u00eb saj n\u00eb Aleanc\u00ebn e Atlantikut Verior, NATO.\u00a0\u00a0 Po t\u2019i hedhim nj\u00eb v\u00ebshtrim zhvillimeve politike t\u00eb mbrendshme dhe t\u00eb jashtme t\u00eb Shqip\u00ebris\u00eb post-komuniste deri m\u00eb sot, besoj se antar\u00ebsimi i saj n\u00eb NATO mbetet gjithnj\u00eb si zhvillimi m\u00eb me r\u00ebnd\u00ebsi dhe arrijtja kulmore e k\u00ebtij \u00e7erek shekulli n\u00eb p\u00ebrpjekjet shekullore t\u00eb Shqip\u00ebris\u00eb dhe t\u00eb kombit shqiptar p\u00ebr t\u2019iu bashkuar organizmave ushtarake dhe politike per\u00ebndimore.\u00a0 N\u00eb t\u00eb v\u00ebrtet\u00eb, ish-Kryeministri i Shqip\u00ebris\u00eb, Sali Berisha\u00a0 e ka cil\u00ebsuar me at\u00eb rast, antar\u00ebsimin e Shqip\u00ebris\u00eb n\u00eb NATO si akti m\u00eb me r\u00ebnd\u00ebsi n\u00eb historin\u00eb pothuaj t\u00eb 100-viteve t\u00eb fundit t\u00eb vendit t\u00eb tij.\u00a0 Si do q\u00eb ta merr\u00ebsh, ngritja e flamurit t\u00eb Gjergj Kastriotit &#8211; Sk\u00ebnderbe &#8212; para kryeq\u00ebndr\u00ebs s\u00eb NATO-s n\u00eb Bruksel &#8212; duke u valvitur krenarisht aty pran\u00eb flamurit t\u00eb Shteteve t\u00eb Bashkuara t\u00eb Amerik\u00ebs, \u00ebsht\u00eb me t\u00eb v\u00ebrtet\u00eb nj\u00eb arritje historike, p\u00ebr t\u00eb cil\u00ebn &#8212; megjith\u00eb grindjet dhe mosmarrveshjet q\u00eb kan\u00eb karakterizuar jet\u00ebn politike t\u00eb vendit gjat\u00eb k\u00ebtyre 25-viteve t\u00eb fundit &#8212; t\u00eb gjith\u00eb shqiptar\u00ebt pa dallim, krenohen.<\/p>\n<p>Presidenti Xhorxh W. Bush, duke n\u00ebnshkruar protokollin n\u00eb tetor t\u00eb vitit 2008 &#8212; nj\u00eb ceremoni kjo q\u00eb sh\u00ebnoi mb\u00ebshtetjen zyrtare t\u00eb Shteteve t\u00eb Bashkuara p\u00ebr antar\u00ebsimin e Shqip\u00ebris\u00eb dhe t\u00eb Kroacis\u00eb n\u00eb NATO, para antar\u00ebsimit zyrtar, prillin e vitit 2009 &#8212; ai p\u00ebrsh\u00ebndeti antar\u00ebsimin n\u00eb aleanc\u00ebn e NATO-s, t\u00eb k\u00ebtyre dy vendeve t\u00eb cilat, tha ai, kan\u00eb qen\u00eb, p\u00ebr pothuaj nj\u00eb gjys\u00ebm shekulli, \u201cn\u00ebn sundimin e eg\u00ebr komunist\u201d.\u00a0 \u201cNe po forcojm\u00eb partneritetin e Amerik\u00ebs me kombet q\u00eb dikur kan\u00eb qen\u00eb n\u00ebn k\u00ebthetrat e komunizmit\u201d, \u00ebsht\u00eb shprehur n\u00eb at\u00eb koh\u00eb udh\u00ebheqsi amerikan.\u00a0 Ish-Presidenti Bush, pat deklaruar gjithashtu gjat\u00eb n\u00ebnshkrimit t\u00eb protokollit n\u00eb Sht\u00ebpin\u00eb e Bardh\u00eb, se \u201cMenj\u00ebher\u00eb pasi Shqip\u00ebria dhe Kroacia t\u00eb b\u00ebhen zyrtarisht an\u00ebtare t\u00eb NATO-s (gj\u00eb q\u00eb ndodhi korrikun e vitit 2009), popujt e tyre duhet t\u2019a din\u00eb se n\u00ebqoftse ndonj\u00eb shtet k\u00ebrc\u00ebnon sigurin\u00eb e tyre, \u00e7do an\u00ebtar i aleanc\u00ebs ton\u00eb do t\u00eb jet\u00eb pran\u00eb tyre, p\u00ebr t\u2019i mb\u00ebshtetur.\u201d\u00a0\u00a0 Nd\u00ebrsa, ish-Sekretari i P\u00ebrgjithsh\u00ebm i NATO-s de Hoop Scheffer e pat cil\u00ebsuar me at\u00eb rast antar\u00ebsimin e Shqip\u00ebris\u00eb dhe t\u00eb Kroacis\u00eb si, \u201cNj\u00eb p\u00ebrfitim p\u00ebr NATO-n, si nj\u00eb mas\u00eb q\u00eb do t\u00eb forcoj\u00eb p\u00ebrpjekjet e p\u00ebrbashk\u00ebta n\u00eb ruajtjen dhe promovimin e sigurin\u00eb dhe t\u00eb stabilitetit\u201d, t\u00eb vendeve an\u00ebtare dhe Evrop\u00ebs, \u00ebsht\u00eb shprehur ish-udh\u00ebheqsi i lart\u00eb i alaenc\u00ebs per\u00ebndimore.<\/p>\n<p>P\u00ebr tet\u00eb vjet\u00eb tani, Shqip\u00ebria, si antare e NATO-s g\u00ebzon p\u00ebrfitimet por edhe ndan\u00eb me 28-vendet an\u00ebtare p\u00ebrgjegj\u00ebsit\u00eb e mbrojtjes s\u00eb p\u00ebrbashk\u00ebt.<\/p>\n<p>8-vjetori i antar\u00ebsimit t\u00eb Shqip\u00ebris\u00eb n\u00eb NATO u sh\u00ebnua dhe u p\u00ebrsh\u00ebndet\u00a0 n\u00eb Shqip\u00ebri, si nj\u00eb ngjarje historike. Vihet re deklarata e Presidentit t\u00eb Republik\u00ebs dhe Komandantit t\u00eb P\u00ebrgjithsh\u00ebm t\u00eb Forcave t\u00eb Armatosura, Z. Bujar Nishani si dhe paraqitja me k\u00ebt\u00eb rast e Ministres s\u00eb Mbrojtjes, Z-nj\u00ebs Mimi Kodheli dhe Ministrit t\u00eb Pun\u00ebve t\u00eb Jashtme Z. Ditmir Bushati n\u00eb Fakultetin e Shkencave Sociale t\u00eb Universitetit t\u00eb Tiran\u00ebs, p\u00ebr nj\u00eb bashk\u00ebbisedim me student\u00ebt, mbi r\u00ebnd\u00ebsin\u00eb q\u00eb ky an\u00ebtar\u00ebsim ka p\u00ebr Shqip\u00ebrin\u00eb, por edhe p\u00ebr detyrimet e vendit ndaj aleanc\u00ebs.\u00a0\u00a0 Presidenti Nishani theksoi n\u00eb deklarat\u00ebn e tij se, \u201cTet\u00eb vite m\u00eb par\u00eb, Shqip\u00ebria arriti t\u00eb b\u00ebhej me merit\u00eb pjes\u00eb e Aleanc\u00ebs m\u00eb t\u00eb madhe politiko-ushtarake q\u00eb ka njohur njer\u00ebzimi, duke u shnd\u00ebrruar n\u00eb saje t\u00eb reformave t\u00eb nd\u00ebrmarra, edhe t\u00eb mb\u00ebshtetjes s\u00eb pakursyer t\u00eb aleat\u00ebve tan\u00eb, ve\u00e7an\u00ebrisht t\u00eb Shteteve t\u00eb Bashkuara t\u00eb Amerik\u00ebs, nga nj\u00eb vend konsumues t\u00eb siguris\u00eb, n\u00eb nj\u00eb vend q\u00eb jo vet\u00ebm prodhon siguri, po jep kontributin e vet t\u00eb qen\u00ebsish\u00ebm n\u00eb ruajtjen, lart\u00ebsimin dhe promovimin e vlerave dhe parimeve bot\u00ebrore t\u00eb hap\u00ebsir\u00ebs s\u00eb liris\u00eb e demokracis\u00eb anemban\u00eb bot\u00ebs\u201d, n\u00ebnvijoi Kryetari i shtetit Shqiptar. Presidenti Nishani shprehu krenarin\u00eb e vendit t\u00eb tij p\u00ebr k\u00ebt\u00eb arrijtje historike duke deklaruar se,\u00a0 \u201cN\u00eb historin\u00eb e gjat\u00eb e t\u00eb v\u00ebshtir\u00eb t\u00eb popullit shqiptar, an\u00ebtar\u00ebsimi n\u00eb NATO \u00ebsht\u00eb arritja m\u00eb e madhe historike, dhe merita e suksesi u takon t\u00eb gjith\u00ebve q\u00eb kontribuuan e vazhdojn\u00eb t\u00eb kontribuojn\u00eb me dinjitet, duke b\u00ebr\u00eb q\u00eb flamuri kuq e zi t\u00eb val\u00ebvitet krenar n\u00eb Bosnje dhe Hercegovin\u00eb, Irak, Afganistan dhe kudo ku trupat paqeruajt\u00ebse dhe misionet e Aleanc\u00ebs sh\u00ebrbejn\u00eb me profesionaliz\u00ebm e p\u00ebrkushtim\u201d.<\/p>\n<p>Nd\u00ebrsa n\u00eb fjal\u00ebn e saj para student\u00ebve t\u00eb Fakultetit t\u00eb Shkencave Sociale t\u00eb Universitetit t\u00eb Tiran\u00ebs, me rastin e 8-vjetorit t\u00eb antar\u00ebsimit t\u00eb Shqip\u00ebris\u00eb n\u00eb NATO, sipas portalit t\u00eb Ministris\u00eb s\u00eb Mbrojtjes t\u00eb Shqip\u00ebris\u00eb, Ministrja Kodheli solli n\u00eb v\u00ebmendje pun\u00ebn e Forcave t\u00eb Armatosura, puna e p\u00ebrditshme e t\u00eb cilave si\u00e7 tha ajo, jo domosdoshm\u00ebrisht ndihet si\u00e7 ndihen sh\u00ebrbimet e tjera q\u00eb shteti sjell.\u00a0\u00a0 Ajo p\u00ebrmendi pranin\u00eb e Forcave t\u00eb Armatosura pran\u00eb qytetar\u00ebve brenda vendit, por theksin e vuri te pjes\u00ebmarrja n\u00eb misionet nd\u00ebrkomb\u00ebtare q\u00eb rrjedhin si detyrim i t\u00eb qenit vend an\u00ebtar i NATO.\u00a0 Shqip\u00ebria \u00ebsht\u00eb prezent n\u00eb t\u00eb gjitha misionet NATO, tha ajo, ka dyfishuar prezenc\u00ebn e saj n\u00eb Afganistan, ka dyfishuar prezenc\u00ebn e saj n\u00eb KFOR n\u00eb Kosov\u00eb, \u00ebsht\u00eb prezent n\u00eb misionin e NATO n\u00eb detin Egje, ku p\u00ebr her\u00eb t\u00eb par\u00eb Shqip\u00ebria merr pjes\u00eb n\u00eb nj\u00eb mision detar dhe \u00ebsht\u00eb prezent n\u00eb t\u00eb gjitha strukturat komand\u00eb t\u00eb NATO, kudo ku NATO me strukturat e saj \u00ebsht\u00eb prezent.\u201d \u2013 u tha ministrja Kodheli studen\u00ebve t\u00eb Universitetit t\u00eb Tiran\u00ebs.<\/p>\n<p>Zyrtarisht, Shqip\u00ebria u b\u00eb an\u00ebtare e Aleanc\u00ebs NATO m\u00eb 1 prill, 2009 kur ambasadori i saj i paraqiti Departamentit Amerikan t\u00eb Shtetit protokollet e ratifikuara p\u00ebr antar\u00ebsim dhe n\u00eb nj\u00eb ceremoni\u00a0 zhvilluar me 4 prill, 2009, Shqip\u00ebria zuri vendin e saj n\u00eb tavolin\u00ebn e rrumbullak\u00ebt gjat\u00eb mbledhjes s\u00eb nivelit t\u00eb lart\u00eb t\u00eb aleanc\u00ebs n\u00eb Strasbourg t\u00eb Franc\u00ebs.<\/p>\n<p>Tet\u00eb vjet\u00eb m\u00eb par\u00eb n\u00eb rastin e Shqip\u00ebris\u00eb, por edhe sot, sipas analist\u00ebve dhe ekspert\u00ebve t\u00eb NATO-s, antar\u00ebsimi i nj\u00eb vendi n\u00eb Aleanc\u00ebn e Atlantikut Verior, d\u00ebrgon nj\u00eb sinjal se vendi ose vendet p\u00ebr t\u00eb qen\u00eb t\u00eb denja t\u00eb antar\u00ebsimit n\u00eb NATO, duhet t\u00eb jen\u00eb stabile, sidomos p\u00ebrsa i p\u00ebrket gj\u00ebndjes s\u00eb mbredshme politike.\u00a0 Tet\u00eb vjet\u00eb m\u00eb par\u00eb, shum\u00eb v\u00ebrejt\u00ebs kishin shfaqur shqet\u00ebsimin e tyre n\u00eb lidhje me sfidat, me t\u00eb cilat p\u00ebrballej Shqip\u00ebria n\u00eb at\u00eb koh\u00eb, sidomos sfidat q\u00eb kan\u00eb t\u00eb b\u00ebjn\u00eb me reformat politike, institucionale, elektorale dhe juridike.\u00a0 Megjith\u00ebse jan\u00eb sh\u00ebnuar p\u00ebrparime gjat\u00eb viteve, duke marr\u00eb parasysh\u00eb situat\u00ebn aktuale politike n\u00eb Shqip\u00ebri, lind pyetja pot \u00eb b\u00ebnte lutje sot Shqip\u00ebria p\u00ebr antar\u00ebsim n\u00eb NATO, a do t\u00eb miratohej nga NATO dhe vendet p\u00ebrkatse, p\u00ebrfshir\u00eb Shtetet e Bashkuara.\u00a0 N\u00eb k\u00ebt\u00eb 8-vjetor t\u00eb antar\u00ebsimit n\u00eb NATO, mund t\u00eb themi me bindje se nuk ka dyshim q\u00eb antar\u00ebsimi i Shqip\u00ebris\u00eb n\u00eb NATO t\u00eb ket\u00eb kontribuar n\u00eb p\u00ebrmirsimin e imazhit nd\u00ebrkomb\u00ebtar t\u00eb Shqip\u00ebris\u00eb \u2013 fal\u00eb Forcave t\u00eb Armatosura t\u00eb Shqip\u00ebris\u00eb \u2013 dhe pa dyshim ka kontribuar edhe n\u00eb stabilizimin e gj\u00ebndjes n\u00eb rajon dhe n\u00eb sigurin\u00eb e p\u00ebrbashk\u00ebt n\u00eb kontinentin evropian dhe m\u00eb gj\u00ebr\u00eb.<\/p>\n<p>Por a mund t\u00eb thuhet n\u00eb k\u00ebto 8-vjet\u00eb antar\u00ebsimi &#8212; e sidomos sot &#8212; n\u00ebse Shqip\u00ebria dhe forcat politike t\u00eb saj brenda vendit po mb\u00ebshtesin dhe po promovojn\u00eb vlerat demokratike dhe reformat e nevojshme p\u00ebr nj\u00eb vend t\u00eb NATO-s, t\u00eb cilat jan\u00eb kushte t\u00eb doemosdoshme t\u00eb antar\u00ebsimit n\u00eb Aleanc\u00ebn Per\u00ebndimore?\u00a0\u00a0 A \u00ebsht\u00eb m\u00ebsuar gj\u00eb nga antar\u00ebsimi prej 8-vjet\u00ebsh i Shqip\u00ebris\u00eb n\u00eb NATO dhe m\u00ebnyr\u00ebs se si funksionon kjo aleanc\u00eb?\u00a0 NATO nuk mund t\u00eb marr\u00eb asnj\u00eb vendim pa konsultime me t\u00eb gjith\u00eb dhe pa patur \u201ckonsensusin\u201d e t\u00eb gjith\u00eb an\u00ebtar\u00ebve!\u00a0 A \u00ebsht\u00eb ky nj\u00eb m\u00ebsim p\u00ebr klas\u00ebn politike shqiptare, q\u00eb si p\u00ebrgjegj\u00ebse p\u00ebr fatin e kombit, t\u00eb pak\u00ebn t\u00eb konsultohen mbi disa \u00e7\u00ebshtje jetike p\u00ebr vendin dhe kombin, duke pasur\u00a0\u00a0 parasysh\u00eb, mbi t\u00eb gjitha, t\u00eb mir\u00ebn e p\u00ebrbashk\u00ebt dhe sigurin\u00eb e t\u00eb gjith\u00eb shqiptar\u00ebve.\u00a0 NATO si organizat\u00eb shum\u00ebkombshe angazhohet p\u00ebr zgjidhjen paq\u00ebsore t\u00eb mosmarrveshjeve dhe konflikteve.\u00a0 \u00cbsht\u00eb e nevojshme q\u00eb &#8212; n\u00eb k\u00ebt\u00eb 8-vjetor t\u00eb antar\u00ebsimit n\u00eb NATO, klasa e sot\u00ebme politike, p\u00ebrfaqsuese e Shqip\u00ebris\u00eb, an\u00ebtare e plot\u00eb me t\u00eb drejta dhe p\u00ebrgjegj\u00ebsi t\u00eb plota n\u00eb Aleanc\u00ebn e Atlantikut Verior \u2013 t\u2019a pyes veten n\u00ebse n\u00eb marr\u00ebdh\u00ebniet midis tyre, si individ\u00eb dhe si parti,\u00a0 po sillen ashtu si\u00e7 meriton kjo organizat\u00eb dhe ashtu si\u00e7 u ka hije shqiptar\u00ebve?\u00a0 Qeveria shqiptare duhet ta pyes veten, a jan\u00eb k\u00ebto standardet e NATO-s, an\u00ebtare e t\u00eb cil\u00ebs \u00ebsht\u00eb Shqip\u00ebria dhe a jan\u00eb k\u00ebto standarde t\u00eb Bashkimit Evropian, pjes\u00ebtare e s\u00eb cil\u00ebs shpreson t\u00eb b\u00ebhet?<\/p>\n<p>Le t\u00eb sh\u00ebrbej ky 8-vjetor i antar\u00ebsimit t\u00eb Shqip\u00ebris\u00eb n\u00eb NATO p\u00ebr nj\u00eb reflektim\u00a0 serioz politik dhe v\u00ebllaz\u00ebror, p\u00ebr m\u00ebnjanimin e nj\u00eb krize n\u00eb institucionet politike t\u00eb vendit, duke u konsultuar si v\u00ebllai me v\u00eblla, mbi m\u00ebnyrat se si t\u00eb dilet nga ky realitet i zi, me t\u00eb cilin p\u00ebrballet vendi.<\/p>\n","protected":false},"excerpt":{"rendered":"<p>Nga Frank Shkreli K\u00ebt\u00eb jav\u00eb, Shqip\u00ebria sh\u00ebnoi 8-vjetorin e antar\u00ebsimit t\u00eb saj n\u00eb Aleanc\u00ebn e Atlantikut Verior, NATO.\u00a0\u00a0 Po t\u2019i hedhim nj\u00eb v\u00ebshtrim zhvillimeve politike t\u00eb mbrendshme dhe t\u00eb jashtme t\u00eb Shqip\u00ebris\u00eb post-komuniste deri m\u00eb sot, besoj se antar\u00ebsimi i saj n\u00eb NATO mbetet gjithnj\u00eb si zhvillimi m\u00eb me r\u00ebnd\u00ebsi dhe arrijtja kulmore e k\u00ebtij [&hellip;]<\/p>\n","protected":false},"author":1,"featured_media":13257,"comment_status":"closed","ping_status":"open","sticky":false,"template":"","format":"standard","meta":{"_seopress_robots_primary_cat":"","_seopress_titles_title":"","_seopress_titles_desc":"","_seopress_robots_index":"","footnotes":""},"categories":[12],"tags":[],"class_list":["post-13437","post","type-post","status-publish","format-standard","has-post-thumbnail","hentry","category-opinione"],"_links":{"self":[{"href":"https:\/\/ulqini-online.com\/sajti\/index.php?rest_route=\/wp\/v2\/posts\/13437","targetHints":{"allow":["GET"]}}],"collection":[{"href":"https:\/\/ulqini-online.com\/sajti\/index.php?rest_route=\/wp\/v2\/posts"}],"about":[{"href":"https:\/\/ulqini-online.com\/sajti\/index.php?rest_route=\/wp\/v2\/types\/post"}],"author":[{"embeddable":true,"href":"https:\/\/ulqini-online.com\/sajti\/index.php?rest_route=\/wp\/v2\/users\/1"}],"replies":[{"embeddable":true,"href":"https:\/\/ulqini-online.com\/sajti\/index.php?rest_route=%2Fwp%2Fv2%2Fcomments&post=13437"}],"version-history":[{"count":1,"href":"https:\/\/ulqini-online.com\/sajti\/index.php?rest_route=\/wp\/v2\/posts\/13437\/revisions"}],"predecessor-version":[{"id":13438,"href":"https:\/\/ulqini-online.com\/sajti\/index.php?rest_route=\/wp\/v2\/posts\/13437\/revisions\/13438"}],"wp:featuredmedia":[{"embeddable":true,"href":"https:\/\/ulqini-online.com\/sajti\/index.php?rest_route=\/wp\/v2\/media\/13257"}],"wp:attachment":[{"href":"https:\/\/ulqini-online.com\/sajti\/index.php?rest_route=%2Fwp%2Fv2%2Fmedia&parent=13437"}],"wp:term":[{"taxonomy":"category","embeddable":true,"href":"https:\/\/ulqini-online.com\/sajti\/index.php?rest_route=%2Fwp%2Fv2%2Fcategories&post=13437"},{"taxonomy":"post_tag","embeddable":true,"href":"https:\/\/ulqini-online.com\/sajti\/index.php?rest_route=%2Fwp%2Fv2%2Ftags&post=13437"}],"curies":[{"name":"wp","href":"https:\/\/api.w.org\/{rel}","templated":true}]}}