{"id":13375,"date":"2017-04-03T15:44:35","date_gmt":"2017-04-03T13:44:35","guid":{"rendered":"http:\/\/ulqini-online.com\/sajti\/?p=13375"},"modified":"2017-04-03T16:15:25","modified_gmt":"2017-04-03T14:15:25","slug":"rama-ne-mal-te-zi-ndjehem-si-ne-shqiperi-ne-tetor-mbledhje-e-perbashket-e-dy-qeverisve-ne-shkoder-video","status":"publish","type":"post","link":"https:\/\/ulqini-online.com\/sajti\/?p=13375","title":{"rendered":"Rama: N\u00eb Mal t\u00eb Zi ndjehem si n\u00eb Shqip\u00ebri &#8211; N\u00eb tetor mbledhje e p\u00ebrbashk\u00ebt e dy qeverive n\u00eb Shkod\u00ebr (video)"},"content":{"rendered":"<figure id=\"attachment_13376\" aria-describedby=\"caption-attachment-13376\" style=\"width: 538px\" class=\"wp-caption aligncenter\"><a href=\"https:\/\/ulqini-online.com\/sajti\/wp-content\/uploads\/2017\/04\/rama-markoviq.jpe\"><img loading=\"lazy\" decoding=\"async\" class=\"wp-image-13376 \" src=\"https:\/\/ulqini-online.com\/sajti\/wp-content\/uploads\/2017\/04\/rama-markoviq.jpe\" alt=\"\" width=\"538\" height=\"357\" srcset=\"https:\/\/ulqini-online.com\/sajti\/wp-content\/uploads\/2017\/04\/rama-markoviq.jpe 339w, https:\/\/ulqini-online.com\/sajti\/wp-content\/uploads\/2017\/04\/rama-markoviq-300x199.jpe 300w\" sizes=\"auto, (max-width: 538px) 100vw, 538px\" \/><\/a><figcaption id=\"caption-attachment-13376\" class=\"wp-caption-text\">gov.me<\/figcaption><\/figure>\n<p><strong>Afrimi i Malit t\u00eb Zi n\u00eb NATO dhe mb\u00ebshtetja q\u00eb Shqip\u00ebria i ka dh\u00ebn\u00eb k\u00ebtij procesi, ka sjell\u00eb q\u00eb mes dy vendeve, n\u00eb 4 muajt e fundit t\u00eb intensifikohen takimet n\u00eb nivel ministrash, kryeministrash e deri president\u00ebsh.<\/strong><\/p>\n<p>K\u00ebt\u00eb her\u00eb ishte radha e kryeministrit Edi Rama, q\u00eb t\u00eb udh\u00ebtonte n\u00eb Podgoric\u00eb, ku u takua me homologun e tij malazez, Dushko Markovi\u00e7.<\/p>\n<p>Bashk\u00eb me t\u00eb ishte edhe ministri i Jasht\u00ebm Ditmir Bushati, i cili i ktheu vizit\u00ebn homologut t\u00eb tij S\u00ebrgjan Darmanovi\u00e7, i cili vet\u00ebm 3 muaj m\u00eb par\u00eb vizitoi Tiran\u00ebn, transmeton Top Channel.<\/p>\n<p>Pas bised\u00ebs me kryministrin e Malit t\u00eb Zi, kryeministri shqiptar Edi Rama u shpreh se n\u00eb Mal t\u00eb Zi ndjehet si n\u00eb Shqip\u00ebri, shkruan cdm.<\/p>\n<p>N\u00eb p\u00ebrfundim t\u00eb takimit, n\u00eb nj\u00eb konferenc\u00eb t\u00eb p\u00ebrbashk\u00ebt p\u00ebr shtyp dy kryeministrat vler\u00ebsuan marr\u00ebdh\u00ebniet shum\u00eb t\u00eb mira mes dy vendeve, t\u00eb cilat gjithsesi kan\u00eb nevoj\u00eb p\u00ebr m\u00eb shum\u00eb impulse.<\/p>\n<p>E p\u00ebr k\u00ebt\u00eb arsye, ata ran\u00eb dakord q\u00eb n\u00eb tetor t\u00eb k\u00ebtij viti, dy qeverit\u00eb t\u00eb mbajn\u00eb nj\u00eb mbledhje t\u00eb p\u00ebrbashk\u00ebt. Mbledhje, e cila do t\u00eb zhvillohet n\u00eb Shkod\u00ebr dhe n\u00eb fokus t\u00eb saj do t\u00eb ket\u00eb thellimin e m\u00ebtejsh\u00ebm t\u00eb bashk\u00ebpunimit mes Malit t\u00eb Zi dhe Shqip\u00ebris\u00eb.<\/p>\n<p><iframe loading=\"lazy\" title=\"Rama n\u00eb Mal t\u00eb Zi - Top Channel Albania - News - Lajme\" width=\"640\" height=\"360\" src=\"https:\/\/www.youtube.com\/embed\/QhQdxH4ftZA?feature=oembed\" frameborder=\"0\" allow=\"accelerometer; autoplay; clipboard-write; encrypted-media; gyroscope; picture-in-picture; web-share\" referrerpolicy=\"strict-origin-when-cross-origin\" allowfullscreen><\/iframe><\/p>\n","protected":false},"excerpt":{"rendered":"<p>Afrimi i Malit t\u00eb Zi n\u00eb NATO dhe mb\u00ebshtetja q\u00eb Shqip\u00ebria i ka dh\u00ebn\u00eb k\u00ebtij procesi, ka sjell\u00eb q\u00eb mes dy vendeve, n\u00eb 4 muajt e fundit t\u00eb intensifikohen takimet n\u00eb nivel ministrash, kryeministrash e deri president\u00ebsh. K\u00ebt\u00eb her\u00eb ishte radha e kryeministrit Edi Rama, q\u00eb t\u00eb udh\u00ebtonte n\u00eb Podgoric\u00eb, ku u takua me homologun [&hellip;]<\/p>\n","protected":false},"author":1,"featured_media":13376,"comment_status":"closed","ping_status":"open","sticky":false,"template":"","format":"standard","meta":{"_seopress_robots_primary_cat":"","_seopress_titles_title":"","_seopress_titles_desc":"","_seopress_robots_index":"","footnotes":""},"categories":[3],"tags":[],"class_list":["post-13375","post","type-post","status-publish","format-standard","has-post-thumbnail","hentry","category-politike"],"_links":{"self":[{"href":"https:\/\/ulqini-online.com\/sajti\/index.php?rest_route=\/wp\/v2\/posts\/13375","targetHints":{"allow":["GET"]}}],"collection":[{"href":"https:\/\/ulqini-online.com\/sajti\/index.php?rest_route=\/wp\/v2\/posts"}],"about":[{"href":"https:\/\/ulqini-online.com\/sajti\/index.php?rest_route=\/wp\/v2\/types\/post"}],"author":[{"embeddable":true,"href":"https:\/\/ulqini-online.com\/sajti\/index.php?rest_route=\/wp\/v2\/users\/1"}],"replies":[{"embeddable":true,"href":"https:\/\/ulqini-online.com\/sajti\/index.php?rest_route=%2Fwp%2Fv2%2Fcomments&post=13375"}],"version-history":[{"count":2,"href":"https:\/\/ulqini-online.com\/sajti\/index.php?rest_route=\/wp\/v2\/posts\/13375\/revisions"}],"predecessor-version":[{"id":13378,"href":"https:\/\/ulqini-online.com\/sajti\/index.php?rest_route=\/wp\/v2\/posts\/13375\/revisions\/13378"}],"wp:featuredmedia":[{"embeddable":true,"href":"https:\/\/ulqini-online.com\/sajti\/index.php?rest_route=\/wp\/v2\/media\/13376"}],"wp:attachment":[{"href":"https:\/\/ulqini-online.com\/sajti\/index.php?rest_route=%2Fwp%2Fv2%2Fmedia&parent=13375"}],"wp:term":[{"taxonomy":"category","embeddable":true,"href":"https:\/\/ulqini-online.com\/sajti\/index.php?rest_route=%2Fwp%2Fv2%2Fcategories&post=13375"},{"taxonomy":"post_tag","embeddable":true,"href":"https:\/\/ulqini-online.com\/sajti\/index.php?rest_route=%2Fwp%2Fv2%2Ftags&post=13375"}],"curies":[{"name":"wp","href":"https:\/\/api.w.org\/{rel}","templated":true}]}}