{"id":13315,"date":"2017-03-31T23:28:53","date_gmt":"2017-03-31T21:28:53","guid":{"rendered":"http:\/\/ulqini-online.com\/sajti\/?p=13315"},"modified":"2017-03-31T23:36:29","modified_gmt":"2017-03-31T21:36:29","slug":"hapja-e-palestres-sportive-ne-natyre","status":"publish","type":"post","link":"https:\/\/ulqini-online.com\/sajti\/?p=13315","title":{"rendered":"Risi n\u00eb Ulqin, hapet palestra sportive n\u00eb natyr\u00eb"},"content":{"rendered":"<p><strong><a href=\"https:\/\/ulqini-online.com\/sajti\/wp-content\/uploads\/2017\/03\/palestrat-sportive-ne-natyre.jpg\"><img loading=\"lazy\" decoding=\"async\" class=\"aligncenter wp-image-13316 \" src=\"https:\/\/ulqini-online.com\/sajti\/wp-content\/uploads\/2017\/03\/palestrat-sportive-ne-natyre.jpg\" alt=\"\" width=\"435\" height=\"773\" srcset=\"https:\/\/ulqini-online.com\/sajti\/wp-content\/uploads\/2017\/03\/palestrat-sportive-ne-natyre.jpg 400w, https:\/\/ulqini-online.com\/sajti\/wp-content\/uploads\/2017\/03\/palestrat-sportive-ne-natyre-169x300.jpg 169w\" sizes=\"auto, (max-width: 435px) 100vw, 435px\" \/><\/a><\/strong><\/p>\n<p>Me rastin e dit\u00ebs s\u00eb Komun\u00ebs s\u00eb Ulqinit me 31.03.2017, \u00ebsht\u00eb b\u00ebr\u00eb hapja e palestr\u00ebs sportive n\u00eb natyr\u00eb q\u00eb \u00ebsht\u00eb e para n\u00eb qytetin ton\u00eb. Hapjen e kan\u00eb b\u00ebr\u00eb n\u00ebnkryetari i Komun\u00ebs Arian Murati dhe Drejtori i Organizat\u00ebs Turistike t\u00eb Ulqinit Mr Fuad Haxhibeti n\u00eb baz\u00eb t\u00eb Plan programit p\u00ebr vitin 2017. Kjo palest\u00ebr ndodhet n\u00eb shetitoren e Pyllit t\u00eb pishave, dhe \u00ebsht\u00eb e punuar dhe nd\u00ebrtuar q\u00eb t\u00eb jet\u00eb ne dispozicion t\u00eb gjith\u00eb qytetar\u00ebve q\u00eb koh\u00ebn e lir\u00eb e kalojn\u00eb me aktivitete rekreative dhe sportive. Punimet jan\u00eb b\u00ebre nga nd\u00ebrmarrja Explorer nga Podgorica.<\/p>\n<p>Nd\u00ebrtimi i k\u00ebsaj palestre \u00ebsht\u00eb i pari nd\u00ebr projektet q\u00eb Organizata Turistike e Ulqinit planifikon t\u00eb nd\u00ebrtoj\u00eb p\u00ebr k\u00ebt\u00eb sezon\u00eb turistike, sepse gur\u00eb themeli p\u00ebr vendpanoramat n\u00eb Valdanos dhe Shtegvash\u00eb \u00ebsht\u00eb vur\u00eb dhe menjiher pritet n\u00eb nd\u00ebrtimin e faz\u00ebs s\u00eb par\u00eb pas mbarimit t\u00eb procedurave nd\u00ebrtimore, tha drejtori i OT duke shtuar q\u00eb me k\u00ebto projekte Organizata Turistike ka japur p\u00ebrkrahjen e saj n\u00eb revitalizimin e k\u00ebtyre lokacioneve.<\/p>\n<p>Poashtu, gjat\u00eb k\u00ebtij muaji kemi prezentimet n\u00eb panairet rajonale t\u00eb Shkupit, Prishtin\u00ebs dhe Lukavacit.<\/p>\n<p>Sezoni veror 2017 zyrtarisht do t\u00eb filloje me manifestimin tradicional <strong>T\u00eb gjith\u00eb p\u00ebr turiz\u00ebm<\/strong> gjat\u00eb koh\u00ebs s\u00eb festave t\u00eb 1 majit, ku edhe pregaditjet kan\u00eb filluar.<\/p>\n","protected":false},"excerpt":{"rendered":"<p>Me rastin e dit\u00ebs s\u00eb Komun\u00ebs s\u00eb Ulqinit me 31.03.2017, \u00ebsht\u00eb b\u00ebr\u00eb hapja e palestr\u00ebs sportive n\u00eb natyr\u00eb q\u00eb \u00ebsht\u00eb e para n\u00eb qytetin ton\u00eb. Hapjen e kan\u00eb b\u00ebr\u00eb n\u00ebnkryetari i Komun\u00ebs Arian Murati dhe Drejtori i Organizat\u00ebs Turistike t\u00eb Ulqinit Mr Fuad Haxhibeti n\u00eb baz\u00eb t\u00eb Plan programit p\u00ebr vitin 2017. Kjo palest\u00ebr ndodhet [&hellip;]<\/p>\n","protected":false},"author":1,"featured_media":13316,"comment_status":"closed","ping_status":"open","sticky":false,"template":"","format":"standard","meta":{"_seopress_robots_primary_cat":"","_seopress_titles_title":"","_seopress_titles_desc":"","_seopress_robots_index":"","footnotes":""},"categories":[4],"tags":[],"class_list":["post-13315","post","type-post","status-publish","format-standard","has-post-thumbnail","hentry","category-kronike"],"_links":{"self":[{"href":"https:\/\/ulqini-online.com\/sajti\/index.php?rest_route=\/wp\/v2\/posts\/13315","targetHints":{"allow":["GET"]}}],"collection":[{"href":"https:\/\/ulqini-online.com\/sajti\/index.php?rest_route=\/wp\/v2\/posts"}],"about":[{"href":"https:\/\/ulqini-online.com\/sajti\/index.php?rest_route=\/wp\/v2\/types\/post"}],"author":[{"embeddable":true,"href":"https:\/\/ulqini-online.com\/sajti\/index.php?rest_route=\/wp\/v2\/users\/1"}],"replies":[{"embeddable":true,"href":"https:\/\/ulqini-online.com\/sajti\/index.php?rest_route=%2Fwp%2Fv2%2Fcomments&post=13315"}],"version-history":[{"count":2,"href":"https:\/\/ulqini-online.com\/sajti\/index.php?rest_route=\/wp\/v2\/posts\/13315\/revisions"}],"predecessor-version":[{"id":13322,"href":"https:\/\/ulqini-online.com\/sajti\/index.php?rest_route=\/wp\/v2\/posts\/13315\/revisions\/13322"}],"wp:featuredmedia":[{"embeddable":true,"href":"https:\/\/ulqini-online.com\/sajti\/index.php?rest_route=\/wp\/v2\/media\/13316"}],"wp:attachment":[{"href":"https:\/\/ulqini-online.com\/sajti\/index.php?rest_route=%2Fwp%2Fv2%2Fmedia&parent=13315"}],"wp:term":[{"taxonomy":"category","embeddable":true,"href":"https:\/\/ulqini-online.com\/sajti\/index.php?rest_route=%2Fwp%2Fv2%2Fcategories&post=13315"},{"taxonomy":"post_tag","embeddable":true,"href":"https:\/\/ulqini-online.com\/sajti\/index.php?rest_route=%2Fwp%2Fv2%2Ftags&post=13315"}],"curies":[{"name":"wp","href":"https:\/\/api.w.org\/{rel}","templated":true}]}}