{"id":13308,"date":"2017-03-31T11:24:47","date_gmt":"2017-03-31T09:24:47","guid":{"rendered":"http:\/\/ulqini-online.com\/sajti\/?p=13308"},"modified":"2017-03-31T11:28:39","modified_gmt":"2017-03-31T09:28:39","slug":"ullirinje-mrekulli-natyrore","status":"publish","type":"post","link":"https:\/\/ulqini-online.com\/sajti\/?p=13308","title":{"rendered":"Ulliri, nj\u00eb mrekulli natyrore"},"content":{"rendered":"<p><a href=\"https:\/\/ulqini-online.com\/sajti\/wp-content\/uploads\/2017\/03\/Hairi-Ismaili-Ullishtaret-konference.jpg\"><img loading=\"lazy\" decoding=\"async\" class=\"aligncenter wp-image-13307 size-full\" src=\"https:\/\/ulqini-online.com\/sajti\/wp-content\/uploads\/2017\/03\/Hairi-Ismaili-Ullishtaret-konference.jpg\" alt=\"\" width=\"600\" height=\"400\" srcset=\"https:\/\/ulqini-online.com\/sajti\/wp-content\/uploads\/2017\/03\/Hairi-Ismaili-Ullishtaret-konference.jpg 600w, https:\/\/ulqini-online.com\/sajti\/wp-content\/uploads\/2017\/03\/Hairi-Ismaili-Ullishtaret-konference-300x200.jpg 300w\" sizes=\"auto, (max-width: 600px) 100vw, 600px\" \/><\/a><\/p>\n<p>Qyteti yn\u00eb prej shekujsh \u00ebsht\u00eb i njohur p\u00ebr ullisht\u00ebn dhe prodhimin e vajit. Kjo tradit\u00eb \u00ebsht\u00eb gdhendur n\u00eb amblemin e qytetit dhe n\u00eb kremtimin e Dit\u00ebs s\u00eb tij.<\/p>\n<p>N\u00eb kuad\u00ebr t\u00eb aktiviteteve q\u00eb po zhvillohen\u00a0 p\u00ebr\u00a0 nder t\u00eb Dit\u00ebs s\u00eb Ulqinit u mbajt ligjerata &#8221;Ulliri, vaji i ullirit\u00a0 dhe perspektiva\u00a0 e zhvillimit\u00a0 t\u00eb ullishtaris\u00eb\u00a0 n\u00eb rajonin\u00a0 adriatikojonian&#8221; ku ligjeroi\u00a0 Prof. Dr. Hajri Ismaili nga Universiteti Bujq\u00ebsor i Tiran\u00ebs.<\/p>\n<p>Fillimisht Prof. Ismaili u prit\u00a0 nga Kryetari i komun\u00ebs Nazif Cungu\u00a0 dhe bashk\u00ebpun\u00ebtor\u00ebt e tij.<\/p>\n","protected":false},"excerpt":{"rendered":"<p>Qyteti yn\u00eb prej shekujsh \u00ebsht\u00eb i njohur p\u00ebr ullisht\u00ebn dhe prodhimin e vajit. Kjo tradit\u00eb \u00ebsht\u00eb gdhendur n\u00eb amblemin e qytetit dhe n\u00eb kremtimin e Dit\u00ebs s\u00eb tij. N\u00eb kuad\u00ebr t\u00eb aktiviteteve q\u00eb po zhvillohen\u00a0 p\u00ebr\u00a0 nder t\u00eb Dit\u00ebs s\u00eb Ulqinit u mbajt ligjerata &#8221;Ulliri, vaji i ullirit\u00a0 dhe perspektiva\u00a0 e zhvillimit\u00a0 t\u00eb ullishtaris\u00eb\u00a0 n\u00eb [&hellip;]<\/p>\n","protected":false},"author":1,"featured_media":13307,"comment_status":"closed","ping_status":"open","sticky":false,"template":"","format":"standard","meta":{"_seopress_robots_primary_cat":"","_seopress_titles_title":"","_seopress_titles_desc":"","_seopress_robots_index":"","footnotes":""},"categories":[4],"tags":[],"class_list":["post-13308","post","type-post","status-publish","format-standard","has-post-thumbnail","hentry","category-kronike"],"_links":{"self":[{"href":"https:\/\/ulqini-online.com\/sajti\/index.php?rest_route=\/wp\/v2\/posts\/13308","targetHints":{"allow":["GET"]}}],"collection":[{"href":"https:\/\/ulqini-online.com\/sajti\/index.php?rest_route=\/wp\/v2\/posts"}],"about":[{"href":"https:\/\/ulqini-online.com\/sajti\/index.php?rest_route=\/wp\/v2\/types\/post"}],"author":[{"embeddable":true,"href":"https:\/\/ulqini-online.com\/sajti\/index.php?rest_route=\/wp\/v2\/users\/1"}],"replies":[{"embeddable":true,"href":"https:\/\/ulqini-online.com\/sajti\/index.php?rest_route=%2Fwp%2Fv2%2Fcomments&post=13308"}],"version-history":[{"count":2,"href":"https:\/\/ulqini-online.com\/sajti\/index.php?rest_route=\/wp\/v2\/posts\/13308\/revisions"}],"predecessor-version":[{"id":13310,"href":"https:\/\/ulqini-online.com\/sajti\/index.php?rest_route=\/wp\/v2\/posts\/13308\/revisions\/13310"}],"wp:featuredmedia":[{"embeddable":true,"href":"https:\/\/ulqini-online.com\/sajti\/index.php?rest_route=\/wp\/v2\/media\/13307"}],"wp:attachment":[{"href":"https:\/\/ulqini-online.com\/sajti\/index.php?rest_route=%2Fwp%2Fv2%2Fmedia&parent=13308"}],"wp:term":[{"taxonomy":"category","embeddable":true,"href":"https:\/\/ulqini-online.com\/sajti\/index.php?rest_route=%2Fwp%2Fv2%2Fcategories&post=13308"},{"taxonomy":"post_tag","embeddable":true,"href":"https:\/\/ulqini-online.com\/sajti\/index.php?rest_route=%2Fwp%2Fv2%2Ftags&post=13308"}],"curies":[{"name":"wp","href":"https:\/\/api.w.org\/{rel}","templated":true}]}}