{"id":12927,"date":"2017-03-02T23:15:17","date_gmt":"2017-03-02T22:15:17","guid":{"rendered":"http:\/\/ulqini-online.com\/sajti\/?p=12927"},"modified":"2017-03-02T23:15:17","modified_gmt":"2017-03-02T22:15:17","slug":"ne-kraje-shfaqet-drame-per-nder-te-dites-e-mesuesit","status":"publish","type":"post","link":"https:\/\/ulqini-online.com\/sajti\/?p=12927","title":{"rendered":"N\u00eb Kraj\u00eb shfaqet dram\u00eb p\u00ebr nder t\u00eb Dit\u00ebs e m\u00ebsuesit"},"content":{"rendered":"<p><a href=\"https:\/\/ulqini-online.com\/sajti\/wp-content\/uploads\/2017\/03\/mesonjtorja-e-pare-shqipe-7-marsi-dita-e-mesuesit.jpg\"><img loading=\"lazy\" decoding=\"async\" class=\"aligncenter wp-image-12928 size-full\" src=\"https:\/\/ulqini-online.com\/sajti\/wp-content\/uploads\/2017\/03\/mesonjtorja-e-pare-shqipe-7-marsi-dita-e-mesuesit.jpg\" width=\"550\" height=\"302\" srcset=\"https:\/\/ulqini-online.com\/sajti\/wp-content\/uploads\/2017\/03\/mesonjtorja-e-pare-shqipe-7-marsi-dita-e-mesuesit.jpg 550w, https:\/\/ulqini-online.com\/sajti\/wp-content\/uploads\/2017\/03\/mesonjtorja-e-pare-shqipe-7-marsi-dita-e-mesuesit-300x165.jpg 300w\" sizes=\"auto, (max-width: 550px) 100vw, 550px\" \/><\/a><\/p>\n<p><strong>Nga Ali Gje\u00e7britaj<\/strong><\/p>\n<p>T\u00eb h\u00ebn\u00ebn n\u00eb Kraj\u00eb me rastin e 7 Marsit \u2013 Dit\u00ebs s\u00eb m\u00ebsuesit, seksioni i dram\u00ebs t\u00eb shkoll\u00ebs fillore \u201cGjergj Kastrioti \u2013 Sk\u00ebnderbeu\u201d Kraj\u00eb\u00a0 d\u00eb t\u00eb shfaq\u00eb dram\u00ebn \u201cStina e lumturis\u00eb\u201d t\u00eb autores Esmerinda Lekperiqi, nx\u00ebn\u00ebse e klas\u00ebs s\u00eb n\u00ebnt\u00eb<\/p>\n<p>M\u00eb rastin e 7 Marsit-Dit\u00ebs s\u00eb m\u00ebsuesit seksioni i dram\u00ebs\u00a0 i Shkoll\u00ebs Fillore \u201cGjergj Kastrioti \u2013 Sk\u00ebnderbeu\u201d Ostros do t\u00eb shfaq\u00eb dram\u00ebn \u201cStina e lumturis\u00eb\u201d t\u00eb autor\u00ebs Esmerinda Lekperiqi, nx\u00ebn\u00ebse e klas\u00ebs s\u00eb n\u00ebnt\u00eb.<\/p>\n<p>Shfaqja jepet n\u00eb Sht\u00ebpin\u00eb e Kultures\u00a0 n\u00eb Ostros t\u00eb h\u00ebn\u00ebn, m\u00eb 6 mars 2017 n\u00eb or\u00ebn 19:00. Kjo \u00ebsht\u00eb shfaqja e gjasht\u00ebmbdhjet\u00eb me radh\u00eb q\u00eb jep grupi simpatik i aktor\u00ebve t\u00eb vegj\u00ebl t\u00eb seksionit t\u00eb dram\u00ebs\u00a0 q\u00eb me sukses po vepron n\u00eb vazhdim\u00ebsi pran\u00eb k\u00ebtij institucioni arsimor, i vetmi n\u00eb gjuh\u00ebn shqipe n\u00eb komun\u00ebn e Tivarit n\u00ebn drejtimin e profesoresh\u00ebs s\u00eb letersis\u00eb dhe gjuh\u00ebs shqipe znj. Aishe Gje\u00e7britaj. \u00cbsht\u00eb ber\u00eb tashti tradit\u00eb q\u00eb aktor\u00ebt e shkoll\u00ebs p\u00ebr nder\u00eb t\u00eb 7 Marsit p\u00ebr \u00e7do vit shfaqin nga nj\u00eb pjes\u00eb teatrale p\u00ebr moshatar\u00ebt e tyre, prind\u00ebrit, m\u00ebsuesit dhe p\u00ebr publikun e gjer\u00eb. Duhet ve\u00e7uar me k\u00ebt\u00eb rast se drma n\u00eb fjal\u00eb \u00ebsht\u00eb shkruar nga nj\u00eb nx\u00ebn\u00ebse e shkoll\u00ebs.<br \/>\nKujtojm\u00eb se si sot 130 vite m\u00eb par\u00eb n\u00eb qytetin e Kor\u00e7\u00ebs u hap M\u00ebsonj\u00ebtorja e Par\u00eb Shqipe, nj\u00eb ngjarje me r\u00ebnd\u00ebsi madhore n\u00eb p\u00ebrpjekjet e popullit shqiptar p\u00ebr t\u00eb krijuar shkoll\u00ebn e vet komb\u00ebtare.<\/p>\n<p>Hapja e shkoll\u00ebs s\u00eb par\u00eb shqipe, 7 Mars 1887 n\u00eb Kor\u00e7\u00eb kuror\u00ebzoi me sukses nj\u00eb nga detyrat kryesore t\u00eb l\u00ebvizjes son\u00eb komb\u00ebtare, at\u00eb t\u00eb p\u00ebrhapjes s\u00eb arsimit n\u00eb gjuh\u00ebn amtare, p\u00ebr t\u00eb cil\u00ebn dhan\u00eb kontributin e tyre rilindasit tan\u00eb.<\/p>\n<p>\u00c7do vit 7 Marsi festohet\u00a0 n\u00eb Kraj\u00eb, n\u00eb fillim t\u00eb pluralizmit k\u00ebt\u00eb fest\u00eb e organizoi LD n\u00eb MZ me aktivitete t\u00eb shumta n\u00eb shenj\u00eb fal\u00ebnderimi p\u00ebr m\u00ebsuesit p\u00ebr pun\u00ebn q\u00eb kryejn\u00eb n\u00eb edukimin e brezit t\u00eb ri.<\/p>\n","protected":false},"excerpt":{"rendered":"<p>Nga Ali Gje\u00e7britaj T\u00eb h\u00ebn\u00ebn n\u00eb Kraj\u00eb me rastin e 7 Marsit \u2013 Dit\u00ebs s\u00eb m\u00ebsuesit, seksioni i dram\u00ebs t\u00eb shkoll\u00ebs fillore \u201cGjergj Kastrioti \u2013 Sk\u00ebnderbeu\u201d Kraj\u00eb\u00a0 d\u00eb t\u00eb shfaq\u00eb dram\u00ebn \u201cStina e lumturis\u00eb\u201d t\u00eb autores Esmerinda Lekperiqi, nx\u00ebn\u00ebse e klas\u00ebs s\u00eb n\u00ebnt\u00eb M\u00eb rastin e 7 Marsit-Dit\u00ebs s\u00eb m\u00ebsuesit seksioni i dram\u00ebs\u00a0 i Shkoll\u00ebs [&hellip;]<\/p>\n","protected":false},"author":1,"featured_media":12928,"comment_status":"closed","ping_status":"open","sticky":false,"template":"","format":"standard","meta":{"_seopress_robots_primary_cat":"","_seopress_titles_title":"","_seopress_titles_desc":"","_seopress_robots_index":"","footnotes":""},"categories":[2,6],"tags":[374,586,587],"class_list":["post-12927","post","type-post","status-publish","format-standard","has-post-thumbnail","hentry","category-aktualitet","category-kulture","tag-ali-gjecbritaj","tag-dita-e-mesuesit","tag-kraje"],"_links":{"self":[{"href":"https:\/\/ulqini-online.com\/sajti\/index.php?rest_route=\/wp\/v2\/posts\/12927","targetHints":{"allow":["GET"]}}],"collection":[{"href":"https:\/\/ulqini-online.com\/sajti\/index.php?rest_route=\/wp\/v2\/posts"}],"about":[{"href":"https:\/\/ulqini-online.com\/sajti\/index.php?rest_route=\/wp\/v2\/types\/post"}],"author":[{"embeddable":true,"href":"https:\/\/ulqini-online.com\/sajti\/index.php?rest_route=\/wp\/v2\/users\/1"}],"replies":[{"embeddable":true,"href":"https:\/\/ulqini-online.com\/sajti\/index.php?rest_route=%2Fwp%2Fv2%2Fcomments&post=12927"}],"version-history":[{"count":1,"href":"https:\/\/ulqini-online.com\/sajti\/index.php?rest_route=\/wp\/v2\/posts\/12927\/revisions"}],"predecessor-version":[{"id":12929,"href":"https:\/\/ulqini-online.com\/sajti\/index.php?rest_route=\/wp\/v2\/posts\/12927\/revisions\/12929"}],"wp:featuredmedia":[{"embeddable":true,"href":"https:\/\/ulqini-online.com\/sajti\/index.php?rest_route=\/wp\/v2\/media\/12928"}],"wp:attachment":[{"href":"https:\/\/ulqini-online.com\/sajti\/index.php?rest_route=%2Fwp%2Fv2%2Fmedia&parent=12927"}],"wp:term":[{"taxonomy":"category","embeddable":true,"href":"https:\/\/ulqini-online.com\/sajti\/index.php?rest_route=%2Fwp%2Fv2%2Fcategories&post=12927"},{"taxonomy":"post_tag","embeddable":true,"href":"https:\/\/ulqini-online.com\/sajti\/index.php?rest_route=%2Fwp%2Fv2%2Ftags&post=12927"}],"curies":[{"name":"wp","href":"https:\/\/api.w.org\/{rel}","templated":true}]}}