{"id":1250,"date":"2015-01-13T18:31:53","date_gmt":"2015-01-13T17:31:53","guid":{"rendered":"http:\/\/ulqini-online.com\/sajti\/?p=1250"},"modified":"2015-01-13T18:32:33","modified_gmt":"2015-01-13T17:32:33","slug":"veskoviq-partite-e-popujve-pakice-kryesisht-jane-dore-e-zgjatur-e-partise-ne-pushtet","status":"publish","type":"post","link":"https:\/\/ulqini-online.com\/sajti\/?p=1250","title":{"rendered":"Veskoviq: Partit\u00eb e popujve pakic\u00eb n\u00eb Mal t\u00eb Zi kryesisht jan\u00eb dor\u00eb e zgjatur e partis\u00eb n\u00eb pushtet"},"content":{"rendered":"<p><strong><a href=\"https:\/\/ulqini-online.com\/sajti\/wp-content\/uploads\/2015\/01\/Rifat-veskoviq.jpg\"><img loading=\"lazy\" decoding=\"async\" class=\" size-full wp-image-1251 alignleft\" src=\"https:\/\/ulqini-online.com\/sajti\/wp-content\/uploads\/2015\/01\/Rifat-veskoviq.jpg\" alt=\"Rifat-veskoviq\" width=\"270\" height=\"200\" \/><\/a>N\u00eb Mal t\u00eb Zi manipulohet me pakicat<\/strong><br \/>\nPushteti n\u00eb Mal t\u00eb Zi i keqp\u00ebrdor pakicat, kurse mjediset n\u00eb t\u00eb cilat ato p\u00ebrb\u00ebjn\u00eb shumic\u00ebn e banor\u00ebve jan\u00eb mjediset m\u00eb t\u00eb pa zhvilluara, ka vler\u00ebsuar an\u00ebtari i kryesis\u00eb se L\u00ebvizjes p\u00ebr ndryshime Rifat Veskoviq.<\/p>\n<p>Ai n\u00eb konferenc\u00ebn p\u00ebr manipulimin politik\u00eb dhe keqp\u00ebrdorimin e pakicave n\u00eb shtet, ka theksuar se partit\u00eb e popujve pakic\u00eb kryesisht jan\u00eb dor\u00eb e zgjatur e Partis\u00eb n\u00eb pushtet, transmeton rtcg.<\/p>\n<p>Veskoviq ka theksuar se miratohen tekste ligjore dhe dokumente t\u00eb tjera t\u00eb cilat vet\u00ebm p\u00ebrfaq\u00ebsish rregullojn\u00eb pozit\u00ebn e pakicave , derisa situata n\u00eb praktik\u00eb \u00ebsht\u00eb krejt\u00ebsisht ndryshe dhe pozita e pakicave gjithnj\u00eb keq\u00ebsohet. Ai ka theksuar se pakicat duhet t\u00eb integrohen e jo t\u00eb ndahen.<\/p>\n","protected":false},"excerpt":{"rendered":"<p>N\u00eb Mal t\u00eb Zi manipulohet me pakicat Pushteti n\u00eb Mal t\u00eb Zi i keqp\u00ebrdor pakicat, kurse mjediset n\u00eb t\u00eb cilat ato p\u00ebrb\u00ebjn\u00eb shumic\u00ebn e banor\u00ebve jan\u00eb mjediset m\u00eb t\u00eb pa zhvilluara, ka vler\u00ebsuar an\u00ebtari i kryesis\u00eb se L\u00ebvizjes p\u00ebr ndryshime Rifat Veskoviq. Ai n\u00eb konferenc\u00ebn p\u00ebr manipulimin politik\u00eb dhe keqp\u00ebrdorimin e pakicave n\u00eb shtet, ka [&hellip;]<\/p>\n","protected":false},"author":1,"featured_media":1251,"comment_status":"open","ping_status":"open","sticky":false,"template":"","format":"standard","meta":{"_seopress_robots_primary_cat":"","_seopress_titles_title":"","_seopress_titles_desc":"","_seopress_robots_index":"","footnotes":""},"categories":[2,3],"tags":[],"class_list":["post-1250","post","type-post","status-publish","format-standard","has-post-thumbnail","hentry","category-aktualitet","category-politike"],"_links":{"self":[{"href":"https:\/\/ulqini-online.com\/sajti\/index.php?rest_route=\/wp\/v2\/posts\/1250","targetHints":{"allow":["GET"]}}],"collection":[{"href":"https:\/\/ulqini-online.com\/sajti\/index.php?rest_route=\/wp\/v2\/posts"}],"about":[{"href":"https:\/\/ulqini-online.com\/sajti\/index.php?rest_route=\/wp\/v2\/types\/post"}],"author":[{"embeddable":true,"href":"https:\/\/ulqini-online.com\/sajti\/index.php?rest_route=\/wp\/v2\/users\/1"}],"replies":[{"embeddable":true,"href":"https:\/\/ulqini-online.com\/sajti\/index.php?rest_route=%2Fwp%2Fv2%2Fcomments&post=1250"}],"version-history":[{"count":2,"href":"https:\/\/ulqini-online.com\/sajti\/index.php?rest_route=\/wp\/v2\/posts\/1250\/revisions"}],"predecessor-version":[{"id":1253,"href":"https:\/\/ulqini-online.com\/sajti\/index.php?rest_route=\/wp\/v2\/posts\/1250\/revisions\/1253"}],"wp:featuredmedia":[{"embeddable":true,"href":"https:\/\/ulqini-online.com\/sajti\/index.php?rest_route=\/wp\/v2\/media\/1251"}],"wp:attachment":[{"href":"https:\/\/ulqini-online.com\/sajti\/index.php?rest_route=%2Fwp%2Fv2%2Fmedia&parent=1250"}],"wp:term":[{"taxonomy":"category","embeddable":true,"href":"https:\/\/ulqini-online.com\/sajti\/index.php?rest_route=%2Fwp%2Fv2%2Fcategories&post=1250"},{"taxonomy":"post_tag","embeddable":true,"href":"https:\/\/ulqini-online.com\/sajti\/index.php?rest_route=%2Fwp%2Fv2%2Ftags&post=1250"}],"curies":[{"name":"wp","href":"https:\/\/api.w.org\/{rel}","templated":true}]}}