{"id":11529,"date":"2016-11-08T14:17:05","date_gmt":"2016-11-08T13:17:05","guid":{"rendered":"http:\/\/ulqini-online.com\/sajti\/?p=11529"},"modified":"2016-11-08T14:17:05","modified_gmt":"2016-11-08T13:17:05","slug":"komuna-do-te-refundoje-shpenzimet-e-udhetimit-per-transportin-e-femijeve-nga-sukubina","status":"publish","type":"post","link":"https:\/\/ulqini-online.com\/sajti\/?p=11529","title":{"rendered":"Komuna do t\u00eb refundoj\u00eb shpenzimet e udh\u00ebtimit p\u00ebr transportin e f\u00ebmij\u00ebve nga Sukubina"},"content":{"rendered":"<p><strong><a href=\"https:\/\/ulqini-online.com\/sajti\/wp-content\/uploads\/2016\/11\/cungu-prinderit-nga-sukubina.jpg\"><img loading=\"lazy\" decoding=\"async\" class=\"aligncenter wp-image-11530 size-full\" src=\"https:\/\/ulqini-online.com\/sajti\/wp-content\/uploads\/2016\/11\/cungu-prinderit-nga-sukubina.jpg\" alt=\"cungu-prinderit-nga-sukubina\" width=\"604\" height=\"400\" srcset=\"https:\/\/ulqini-online.com\/sajti\/wp-content\/uploads\/2016\/11\/cungu-prinderit-nga-sukubina.jpg 604w, https:\/\/ulqini-online.com\/sajti\/wp-content\/uploads\/2016\/11\/cungu-prinderit-nga-sukubina-300x199.jpg 300w\" sizes=\"auto, (max-width: 604px) 100vw, 604px\" \/><\/a>Kryetari i Komun\u00ebs priti perfaq\u00ebsuesit e Bashk\u00ebsis\u00eb Lokale\u00a0 Sukobin\u00eb\u00a0 dhe premtoi p\u00ebrkrahje p\u00ebr problemet e tyre <\/strong><\/p>\n<p>Kryetari I Ulqinit Nazif Cungu\u00a0 dhe bashk\u00ebpun\u00ebtor\u00ebt e tij prit\u00ebn perfaq\u00ebsues t\u00eb Bashk\u00ebsis\u00eb lokale\u00a0 Sukubin\u00eb,\u00a0 prind\u00ebr t\u00eb nx\u00ebn\u00ebsve t\u00eb\u00a0 shkoll\u00ebs\u00a0 n\u00eb nd\u00ebrtim dhe Drejtorin e shkoll\u00ebs ,,Bedri Elezaga,,<\/p>\n<p>N\u00eb takim u prek\u00ebn nj\u00eb s\u00ebr\u00eb c\u00ebshtjesh\u00a0 q\u00eb preokupojn\u00eb banor\u00ebt e k\u00ebsaj\u00a0 Bashk\u00ebsie Lokale . THeks I\u00a0 vecant\u00eb\u00a0 iu kushtua vazhdimit\u00a0 t\u00eb punimeve n\u00eb\u00a0 shkoll\u00ebn\u00a0 n\u00eb Sukubin\u00eb dhe transportit t\u00eb nx\u00ebn\u00ebsve. Kryetari Cungu tha se\u00a0 Komuna\u00a0 \u00ebsht\u00eb e interesuar q\u00eb punimet n\u00eb shkoll\u00ebn e Sukobin\u00ebs t\u00eb p\u00ebrfundojn\u00eb sa m\u00eb par\u00eb. Ai n\u00ebnvizoi q\u00eb komuna I ka\u00a0 kryer\u00a0 obligimet e saja\u00a0 t\u00eb parapar\u00eb me mar\u00ebveshtje, mbetet q\u00eb n\u00eb dit\u00ebt n\u00eb vijim\u00a0 diaspora t\u00eb kryej\u00a0 pjes\u00ebn e saj t\u00eb mjeteve\u00a0 e m\u00eb pas Ministria e arsimit. Kryetari Cungu theksoi se do t\u00eb p\u00ebrcjell\u00eb me v\u00ebm\u00ebndje rrjedh\u00ebn e punimeve n\u00eb shkoll\u00eb, poashashtu \u00a0ai tha se komuna merr obligim q\u00eb t\u00eb refundoj\u00eb shpenzimet e udh\u00ebtimit p\u00ebr transportin e f\u00ebmij\u00ebve nga Sukobina n\u00eb shkoll\u00ebn am\u00eb q\u00eb ka\u00a0 qen\u00eb preokupim p\u00ebr prind\u00ebrit. N\u00eb takim\u00a0 u prek\u00ebn dhe c\u00ebshtje t\u00eb\u00a0 tjera\u00a0\u00a0 me interes p\u00ebr komunitetin e k\u00ebsaj ane.<\/p>\n","protected":false},"excerpt":{"rendered":"<p>Kryetari i Komun\u00ebs priti perfaq\u00ebsuesit e Bashk\u00ebsis\u00eb Lokale\u00a0 Sukobin\u00eb\u00a0 dhe premtoi p\u00ebrkrahje p\u00ebr problemet e tyre Kryetari I Ulqinit Nazif Cungu\u00a0 dhe bashk\u00ebpun\u00ebtor\u00ebt e tij prit\u00ebn perfaq\u00ebsues t\u00eb Bashk\u00ebsis\u00eb lokale\u00a0 Sukubin\u00eb,\u00a0 prind\u00ebr t\u00eb nx\u00ebn\u00ebsve t\u00eb\u00a0 shkoll\u00ebs\u00a0 n\u00eb nd\u00ebrtim dhe Drejtorin e shkoll\u00ebs ,,Bedri Elezaga,, N\u00eb takim u prek\u00ebn nj\u00eb s\u00ebr\u00eb c\u00ebshtjesh\u00a0 q\u00eb preokupojn\u00eb banor\u00ebt e [&hellip;]<\/p>\n","protected":false},"author":1,"featured_media":11530,"comment_status":"closed","ping_status":"open","sticky":false,"template":"","format":"standard","meta":{"_seopress_robots_primary_cat":"","_seopress_titles_title":"","_seopress_titles_desc":"","_seopress_robots_index":"","footnotes":""},"categories":[4],"tags":[],"class_list":["post-11529","post","type-post","status-publish","format-standard","has-post-thumbnail","hentry","category-kronike"],"_links":{"self":[{"href":"https:\/\/ulqini-online.com\/sajti\/index.php?rest_route=\/wp\/v2\/posts\/11529","targetHints":{"allow":["GET"]}}],"collection":[{"href":"https:\/\/ulqini-online.com\/sajti\/index.php?rest_route=\/wp\/v2\/posts"}],"about":[{"href":"https:\/\/ulqini-online.com\/sajti\/index.php?rest_route=\/wp\/v2\/types\/post"}],"author":[{"embeddable":true,"href":"https:\/\/ulqini-online.com\/sajti\/index.php?rest_route=\/wp\/v2\/users\/1"}],"replies":[{"embeddable":true,"href":"https:\/\/ulqini-online.com\/sajti\/index.php?rest_route=%2Fwp%2Fv2%2Fcomments&post=11529"}],"version-history":[{"count":1,"href":"https:\/\/ulqini-online.com\/sajti\/index.php?rest_route=\/wp\/v2\/posts\/11529\/revisions"}],"predecessor-version":[{"id":11531,"href":"https:\/\/ulqini-online.com\/sajti\/index.php?rest_route=\/wp\/v2\/posts\/11529\/revisions\/11531"}],"wp:featuredmedia":[{"embeddable":true,"href":"https:\/\/ulqini-online.com\/sajti\/index.php?rest_route=\/wp\/v2\/media\/11530"}],"wp:attachment":[{"href":"https:\/\/ulqini-online.com\/sajti\/index.php?rest_route=%2Fwp%2Fv2%2Fmedia&parent=11529"}],"wp:term":[{"taxonomy":"category","embeddable":true,"href":"https:\/\/ulqini-online.com\/sajti\/index.php?rest_route=%2Fwp%2Fv2%2Fcategories&post=11529"},{"taxonomy":"post_tag","embeddable":true,"href":"https:\/\/ulqini-online.com\/sajti\/index.php?rest_route=%2Fwp%2Fv2%2Ftags&post=11529"}],"curies":[{"name":"wp","href":"https:\/\/api.w.org\/{rel}","templated":true}]}}