{"id":10816,"date":"2016-09-11T10:37:20","date_gmt":"2016-09-11T08:37:20","guid":{"rendered":"http:\/\/ulqini-online.com\/sajti\/?p=10816"},"modified":"2016-09-11T13:40:38","modified_gmt":"2016-09-11T11:40:38","slug":"kush-ende-iu-beson-perrallave-te-gjukanoviq-it","status":"publish","type":"post","link":"https:\/\/ulqini-online.com\/sajti\/?p=10816","title":{"rendered":"&#8221;KUSH ENDE IU BESON P\u00cbRRALLAVE T\u00cb GJUKANOVIQ-it?&#8221;"},"content":{"rendered":"<p><a href=\"https:\/\/ulqini-online.com\/sajti\/wp-content\/uploads\/2016\/09\/gjukanoviq-ne-komunen-e-ulqinit.jpg\"><img loading=\"lazy\" decoding=\"async\" class=\"aligncenter wp-image-10817 size-full\" src=\"https:\/\/ulqini-online.com\/sajti\/wp-content\/uploads\/2016\/09\/gjukanoviq-ne-komunen-e-ulqinit.jpg\" alt=\"Screenshot\" width=\"433\" height=\"300\" srcset=\"https:\/\/ulqini-online.com\/sajti\/wp-content\/uploads\/2016\/09\/gjukanoviq-ne-komunen-e-ulqinit.jpg 433w, https:\/\/ulqini-online.com\/sajti\/wp-content\/uploads\/2016\/09\/gjukanoviq-ne-komunen-e-ulqinit-300x208.jpg 300w\" sizes=\"auto, (max-width: 433px) 100vw, 433px\" \/><\/a><\/p>\n<p><em>(Vizita e kryeminstrit malazez n\u00eb Ulqin &#8211; pjes\u00eb e fushat\u00ebs parazgjedhore, asgj\u00eb m\u00eb tep\u00ebr !)<\/em><\/p>\n<p>Shkruan Xheladin Zeneli<\/p>\n<p>Me 6 shtator 2016 kryeminsitri i Malit t\u00eb Zi, Millo Gjukanoviq vizitoi komun\u00ebn e Ulqinit ku pati takime me kryetarin e k\u00ebsaj komune dhe me zyrtar\u00ebt e tjer\u00eb t\u00eb saj. Vizita e kryeministrit t\u00eb Malit Zi vjen dy vite e gjysm\u00eb pas zgjedhjeve lokale n\u00eb k\u00ebt\u00eb komun\u00eb, zgjedhje k\u00ebto q\u00eb nxit\u00ebn reagimin e at\u00ebher\u00ebsh\u00ebm t\u00eb ashp\u00ebr t\u00eb kryeministrit Gjukanoviq.<\/p>\n<p>Ju rikujtojm\u00eb se pas zgjedhjeve t\u00eb fundit lokale,t\u00eb cilat u mbajt\u00ebn me 26 Janar 2014,partit\u00eb shqiptare , pas shum\u00eb peripecive,formuan kualicionin e tyre qeveritar, pa Partin\u00eb Demokratike t\u00eb Socialist\u00ebve ( DPS-in) e cila at\u00ebher\u00eb kishte fituar numrin m\u00eb t\u00eb madh t\u00eb k\u00ebshilltar\u00ebve. Kjo e iritoj pa mas\u00eb M. Gjukanoviq-in i cili n\u00eb at\u00eb rast u shpreh me nj\u00eb fjalor tep\u00ebr k\u00ebrcnues .<br \/>\nAi, at\u00ebher\u00eb ,n\u00eb mes tjerash,tha se \u201cPDS, prej tani, do ti trajtoj\u00eb ndryshe partit\u00eb shqiptare,dhe do sillet ndaj tyre sipas meritave\u201d (?!).<br \/>\nPra, i nj\u00ebjti Gjukanoviq i cili k\u00ebcnoj kualicionin qeveritar t\u00eb partive shqiptare , pat fyer r\u00ebnd\u00eb pushtetin lokal dhe me k\u00ebt\u00eb edhe qytetar\u00ebt e Ulqinit, sot pritet \u201cme lule \u201d nga nj\u00eb pjes\u00eb e asaj qeverisjeje lokale dhe sikurse harruan sjelljen e tij arrogante ndaj tyre.<\/p>\n<p>Gjithashtu ,me at rast , Gjukanoviq tha edhe k\u00ebt\u00eb :\u201dqeveria e re e p\u00ebrb\u00ebr\u00eb nga Forca, Koalicioni \u2018Bashk\u00eb p\u00ebr t\u00eb Ardhmen e Ulqinit\u2019 dhe Mali i Zi Pozitiv, do t\u00eb jet\u00eb jet\u00ebshkurt\u00ebr\u201d. Ky parashikim k\u00ebrcnues i Gjukanoviqit u jet\u00ebsu n\u00eb muajin Mars t\u00eb k\u00ebtij viti kur pas nj\u00eb krize t\u00eb thell\u00eb politike ,pas dy viteve, erdhi deri te prishja e kualicionit t\u00eb subjekteve shqiptare dhe formimi i kualicionit t\u00eb ri qeveris\u00ebs, tani me PDS-\u00ebn (DPS-in) e Gjukanoviq-it.<\/p>\n<p>Duhet theksuar se p\u00ebrgjegj\u00ebsia p\u00ebr prishjen e kualicionit n\u00eb mes partive shqiptare bjen mbi vet\u00eb partit\u00eb shqiptare, pasi q\u00eb kjo rrezulltoj si pasoj\u00eb e mosmarr\u00ebveshjeve dhe mospajtimeve t\u00eb skajshme n\u00eb mes tyre. Duket q\u00eb p\u00ebr\u00e7arjet e brendshme t\u00eb faktorit politik shqiptar me zi i priti PDS-ja , e cila shfryt\u00ebzoj rastin dhe menj\u00ebher\u00eb u b\u00eb pjes\u00eb e pushtetit lokal.<\/p>\n<p>Kryeministri Gjukanoviq i cili nj\u00ebheri \u00ebsht\u00eb edhe kryetar i PDS-s\u00eb ,erdhi n\u00eb Ulqin p\u00ebr t\u2019i uruar fitor\u00ebn an\u00ebtar\u00ebve t\u00eb partis\u00eb tij t\u00eb cil\u00ebt q\u00eb nga Marsi i k\u00ebtij viti jan\u00eb pjes\u00eb p\u00ebrb\u00ebr\u00ebse e pushtetit lokal dhe vizita e tij nuk mund t\u00eb karakterizohet ndryshe p\u00ebrve\u00e7 si nj\u00eb \u201cVeni, vidi, vici\u201d i tij !.<\/p>\n<p>Jo rast\u00ebsisht, Gjukanoviq erdhi n\u00eb Ulqin, nj\u00eb muaj para zgjedhjeve parlamentare t\u00eb cilat do t\u00eb mbahen me 16 Tetor t\u00eb k\u00ebtij viti. Ashtu si edhe para fushatave t\u00eb tjera parazgjedhore edhe k\u00ebsaj rradhe kryeministri malazez erdhi me \u201c\u00e7ant\u00ebn\u201d e tij t\u00eb mbushur me premtime t\u00eb cilat kan\u00eb vet\u00ebm nj\u00eb q\u00ebllim: bindjen e qytetar\u00ebve t\u00eb Ulqinit q\u00eb t\u00eb votojn\u00eb PDS-\u00ebn e tij n\u00eb zgjedhjet e muajit t\u00eb ardhsh\u00ebm.Premtimet i tija boshe nuk jan\u00eb asgj\u00eb tjet\u00ebr ve\u00e7se sllogane dhe parrulla t\u00eb fushat\u00ebs parazgjedhore t\u00eb partis\u00eb s\u00eb tij ( DPS-it).<\/p>\n<p>Vet\u00ebm ata t\u00eb cil\u00ebt jan\u00eb tep\u00ebr naiv, mund t\u00eb besojn\u00eb n\u00eb p\u00ebrrallat dhe bro\u00e7kullat e Gjukanoviq-it lidhur me zhvillimin ekonomik t\u00eb Ulqinit. \u00cbsht\u00eb Gjukanoviq ai i cili \u00ebsht\u00eb p\u00ebrgjegj\u00ebsi kryesor jo vet\u00ebm i mos zhvillimit t\u00eb Ulqinit por nj\u00ebkoh\u00ebsisht fajtor p\u00ebr shkat\u00ebrrimin e ekonomis\u00eb s\u00eb k\u00ebij qyteti, me theks t\u00eb ve\u00e7ant\u00eb t\u00eb asaj hotelo-turistike. Ndaj Ulqinit u b\u00eb nj\u00eb krim ekonomik gjat\u00eb \u00e7erek shekullit t\u00eb fundit dhe sa her\u00eb q\u00eb Gjukanoviq viziton Ulqinin, praktikisht do t\u00eb thot\u00eb kthim i autorit n\u00eb vendin e krimit.<\/p>\n<p>Me keqardhje t\u00eb plot\u00eb mund t\u00eb konstatoj se viktim\u00eb e naivitetit t\u00eb pa p\u00ebrs\u00ebritsh\u00ebm po bijn\u00eb edhe disa politikan\u00eb shqiptar bashk\u00eb me subjektet e tyre politike, t\u00eb cil\u00ebt p\u00ebr 25 vite me rradh\u00eb vazhdojn\u00eb t\u2019i besojn\u00eb premtimeve boshe t\u00eb Gjukanoviqit dhe partis\u00eb s\u00eb tij.<\/p>\n<p>T\u00eb gjith\u00eb ata qytetar\u00eb t\u00eb Ulqinit t\u00eb cil\u00ebt do t\u2019i japin vot\u00ebn partis\u00eb e Millo Gjukanoviq-it n\u00eb zgjedhjet e ardhshme parlamentare,de facto do t\u00eb votojn\u00eb p\u00ebr status quo-n\u00eb e Ulqinit dhe kund\u00ebr zhvillimit ekonomik t\u00eb tij, kurse ata subjekte politike shqiptare ( n\u00eb nivel t\u00eb p\u00ebrgjith\u00ebsh\u00ebm t\u00eb shqiptar\u00ebve n\u00eb Mal t\u00eb Zi) t\u00eb cilat n\u00eb nj\u00eb m\u00ebnyr\u00eb apo tjet\u00ebr vazhdojn\u00eb t\u2019i japin p\u00ebrkrahje dhe t\u00eb bashk\u00ebpunojn\u00eb me PDS-\u00ebn , do t\u00eb vazhdojn\u00eb q\u00eb gjith\u00ebnj\u00eb t\u00eb mbajn\u00eb bashk\u00eb-p\u00ebrgjegj\u00ebsin\u00eb dhe bashk\u00eb- faj\u00ebsin\u00eb p\u00ebr pozit\u00ebn e degraduar dhe tep\u00ebr t\u00eb pavolitshme t\u00eb shqiptar\u00ebve n\u00eb Mal t\u00eb Zi .<\/p>\n<p>9 Shtator 2016<\/p>\n","protected":false},"excerpt":{"rendered":"<p>(Vizita e kryeminstrit malazez n\u00eb Ulqin &#8211; pjes\u00eb e fushat\u00ebs parazgjedhore, asgj\u00eb m\u00eb tep\u00ebr !) Shkruan Xheladin Zeneli Me 6 shtator 2016 kryeminsitri i Malit t\u00eb Zi, Millo Gjukanoviq vizitoi komun\u00ebn e Ulqinit ku pati takime me kryetarin e k\u00ebsaj komune dhe me zyrtar\u00ebt e tjer\u00eb t\u00eb saj. Vizita e kryeministrit t\u00eb Malit Zi vjen [&hellip;]<\/p>\n","protected":false},"author":1,"featured_media":10817,"comment_status":"closed","ping_status":"open","sticky":false,"template":"","format":"standard","meta":{"_seopress_robots_primary_cat":"","_seopress_titles_title":"","_seopress_titles_desc":"","_seopress_robots_index":"","footnotes":""},"categories":[2,12],"tags":[283,229],"class_list":["post-10816","post","type-post","status-publish","format-standard","has-post-thumbnail","hentry","category-aktualitet","category-opinione","tag-millo-gjukanoviq","tag-xheladin-zeneli"],"_links":{"self":[{"href":"https:\/\/ulqini-online.com\/sajti\/index.php?rest_route=\/wp\/v2\/posts\/10816","targetHints":{"allow":["GET"]}}],"collection":[{"href":"https:\/\/ulqini-online.com\/sajti\/index.php?rest_route=\/wp\/v2\/posts"}],"about":[{"href":"https:\/\/ulqini-online.com\/sajti\/index.php?rest_route=\/wp\/v2\/types\/post"}],"author":[{"embeddable":true,"href":"https:\/\/ulqini-online.com\/sajti\/index.php?rest_route=\/wp\/v2\/users\/1"}],"replies":[{"embeddable":true,"href":"https:\/\/ulqini-online.com\/sajti\/index.php?rest_route=%2Fwp%2Fv2%2Fcomments&post=10816"}],"version-history":[{"count":1,"href":"https:\/\/ulqini-online.com\/sajti\/index.php?rest_route=\/wp\/v2\/posts\/10816\/revisions"}],"predecessor-version":[{"id":10818,"href":"https:\/\/ulqini-online.com\/sajti\/index.php?rest_route=\/wp\/v2\/posts\/10816\/revisions\/10818"}],"wp:featuredmedia":[{"embeddable":true,"href":"https:\/\/ulqini-online.com\/sajti\/index.php?rest_route=\/wp\/v2\/media\/10817"}],"wp:attachment":[{"href":"https:\/\/ulqini-online.com\/sajti\/index.php?rest_route=%2Fwp%2Fv2%2Fmedia&parent=10816"}],"wp:term":[{"taxonomy":"category","embeddable":true,"href":"https:\/\/ulqini-online.com\/sajti\/index.php?rest_route=%2Fwp%2Fv2%2Fcategories&post=10816"},{"taxonomy":"post_tag","embeddable":true,"href":"https:\/\/ulqini-online.com\/sajti\/index.php?rest_route=%2Fwp%2Fv2%2Ftags&post=10816"}],"curies":[{"name":"wp","href":"https:\/\/api.w.org\/{rel}","templated":true}]}}