{"id":10734,"date":"2016-09-01T14:50:41","date_gmt":"2016-09-01T12:50:41","guid":{"rendered":"http:\/\/ulqini-online.com\/sajti\/?p=10734"},"modified":"2016-09-01T14:50:41","modified_gmt":"2016-09-01T12:50:41","slug":"kosove-kryeministri-mustafa-terheq-piken-e-demarkacionit-nga-rendi-i-dites","status":"publish","type":"post","link":"https:\/\/ulqini-online.com\/sajti\/?p=10734","title":{"rendered":"Kosov\u00eb: Kryeministri Mustafa t\u00ebrheq pik\u00ebn e demarkacionit nga rendi i dit\u00ebs"},"content":{"rendered":"<p><a href=\"https:\/\/ulqini-online.com\/sajti\/wp-content\/uploads\/2015\/02\/Isa-mustafa.jpg\"><img loading=\"lazy\" decoding=\"async\" class=\"wp-image-1691  aligncenter\" src=\"https:\/\/ulqini-online.com\/sajti\/wp-content\/uploads\/2015\/02\/Isa-mustafa.jpg\" alt=\"Isa-mustafa\" width=\"576\" height=\"382\" srcset=\"https:\/\/ulqini-online.com\/sajti\/wp-content\/uploads\/2015\/02\/Isa-mustafa.jpg 377w, https:\/\/ulqini-online.com\/sajti\/wp-content\/uploads\/2015\/02\/Isa-mustafa-300x199.jpg 300w\" sizes=\"auto, (max-width: 576px) 100vw, 576px\" \/><\/a>Kryeministri i Kosov\u00ebs Isa Mustafa ka konsideruar se sot nuk jan\u00eb rrethanat p\u00ebr t\u00eb votuar p\u00ebr ratifikimin e e Marreveshjes s\u00eb Demarkacionit. Mustafa nga foltorja e Kuvendit t\u00eb Kosov\u00ebs lajm\u00ebroi se e t\u00ebrheq k\u00ebt\u00eb marreveshje nga rendi i dit\u00ebs. \u201cT\u00ebrheqja e ligjit nuk do t\u00eb thot\u00eb q\u00eb do ta t\u00ebrheqimin, por q\u00eb do ta fillojm ta rishqyrtojm\u00eb.<\/p>\n<p>Isa Mustafa ka konsideruar se sot nuk jan\u00eb rrethanat p\u00ebr t\u00eb votuar p\u00ebr ratifikimin e e Marreveshjes s\u00eb Demarkacionit, raportojn\u00eb mediat kosovare.<\/p>\n<p>Mustafa nga foltorja e Kuvendit t\u00eb Kosov\u00ebs lajm\u00ebroi se e t\u00ebrheq k\u00ebt\u00eb marreveshje nga rendi i dit\u00ebs.<\/p>\n<p>\u201cT\u00ebrheqja e ligjit nuk do t\u00eb thot\u00eb q\u00eb do ta t\u00ebrheqimin, por q\u00eb do ta fillojm ta rishqyrtojm\u00eb. Do ta b\u00ebjm\u00eb t\u00ebrheqjen e k\u00ebtij k\u00ebt\u00eb ligj nga pika e rendit t\u00eb dit\u00ebs p\u00ebr tu munduar q\u00eb ta arrijm\u00eb nj\u00eb bashk\u00eb bisedim t\u00eb p\u00ebrbashk\u00ebt me t\u00eb t\u00eb gjitha partit\u00eb politike\u201d, tha Mustafa.<\/p>\n<p>T\u00ebrheqja e k\u00ebtij projektligji nuk n\u00ebnkupton q\u00eb ne do ta rishikojm\u00eb ose rinegociojm\u00eb marr\u00ebveshjen, por do ta sjellim n\u00eb kuvend n\u00eb nj\u00eb koh\u00eb m\u00eb t\u00eb p\u00ebrshtatshme, ka deklaruar Mustafa.<\/p>\n","protected":false},"excerpt":{"rendered":"<p>Kryeministri i Kosov\u00ebs Isa Mustafa ka konsideruar se sot nuk jan\u00eb rrethanat p\u00ebr t\u00eb votuar p\u00ebr ratifikimin e e Marreveshjes s\u00eb Demarkacionit. Mustafa nga foltorja e Kuvendit t\u00eb Kosov\u00ebs lajm\u00ebroi se e t\u00ebrheq k\u00ebt\u00eb marreveshje nga rendi i dit\u00ebs. \u201cT\u00ebrheqja e ligjit nuk do t\u00eb thot\u00eb q\u00eb do ta t\u00ebrheqimin, por q\u00eb do ta fillojm [&hellip;]<\/p>\n","protected":false},"author":1,"featured_media":1691,"comment_status":"open","ping_status":"open","sticky":false,"template":"","format":"standard","meta":{"_seopress_robots_primary_cat":"","_seopress_titles_title":"","_seopress_titles_desc":"","_seopress_robots_index":"","footnotes":""},"categories":[10],"tags":[243],"class_list":["post-10734","post","type-post","status-publish","format-standard","has-post-thumbnail","hentry","category-rajoni","tag-isa-mustafa"],"_links":{"self":[{"href":"https:\/\/ulqini-online.com\/sajti\/index.php?rest_route=\/wp\/v2\/posts\/10734","targetHints":{"allow":["GET"]}}],"collection":[{"href":"https:\/\/ulqini-online.com\/sajti\/index.php?rest_route=\/wp\/v2\/posts"}],"about":[{"href":"https:\/\/ulqini-online.com\/sajti\/index.php?rest_route=\/wp\/v2\/types\/post"}],"author":[{"embeddable":true,"href":"https:\/\/ulqini-online.com\/sajti\/index.php?rest_route=\/wp\/v2\/users\/1"}],"replies":[{"embeddable":true,"href":"https:\/\/ulqini-online.com\/sajti\/index.php?rest_route=%2Fwp%2Fv2%2Fcomments&post=10734"}],"version-history":[{"count":1,"href":"https:\/\/ulqini-online.com\/sajti\/index.php?rest_route=\/wp\/v2\/posts\/10734\/revisions"}],"predecessor-version":[{"id":10735,"href":"https:\/\/ulqini-online.com\/sajti\/index.php?rest_route=\/wp\/v2\/posts\/10734\/revisions\/10735"}],"wp:featuredmedia":[{"embeddable":true,"href":"https:\/\/ulqini-online.com\/sajti\/index.php?rest_route=\/wp\/v2\/media\/1691"}],"wp:attachment":[{"href":"https:\/\/ulqini-online.com\/sajti\/index.php?rest_route=%2Fwp%2Fv2%2Fmedia&parent=10734"}],"wp:term":[{"taxonomy":"category","embeddable":true,"href":"https:\/\/ulqini-online.com\/sajti\/index.php?rest_route=%2Fwp%2Fv2%2Fcategories&post=10734"},{"taxonomy":"post_tag","embeddable":true,"href":"https:\/\/ulqini-online.com\/sajti\/index.php?rest_route=%2Fwp%2Fv2%2Ftags&post=10734"}],"curies":[{"name":"wp","href":"https:\/\/api.w.org\/{rel}","templated":true}]}}