{"id":10731,"date":"2016-09-01T14:42:37","date_gmt":"2016-09-01T12:42:37","guid":{"rendered":"http:\/\/ulqini-online.com\/sajti\/?p=10731"},"modified":"2016-09-01T14:51:28","modified_gmt":"2016-09-01T12:51:28","slug":"kryetari-cungu-takon-koordinatoren-e-programit-per-projekte-bilaterale-zhvillimore-te-mbasades-se-norvegjise","status":"publish","type":"post","link":"https:\/\/ulqini-online.com\/sajti\/?p=10731","title":{"rendered":"Kryetari Cungu takon koordinatoren e programit p\u00ebr projekte bilaterale zhvillimore t\u00eb mbasad\u00ebs s\u00eb Norvegjis\u00eb"},"content":{"rendered":"<p><a href=\"https:\/\/ulqini-online.com\/sajti\/wp-content\/uploads\/2016\/09\/cungu-projekte-norvegjia.jpg\"><img loading=\"lazy\" decoding=\"async\" class=\"aligncenter wp-image-10732 size-full\" src=\"https:\/\/ulqini-online.com\/sajti\/wp-content\/uploads\/2016\/09\/cungu-projekte-norvegjia.jpg\" alt=\"cungu-projekte-norvegjia\" width=\"525\" height=\"350\" srcset=\"https:\/\/ulqini-online.com\/sajti\/wp-content\/uploads\/2016\/09\/cungu-projekte-norvegjia.jpg 525w, https:\/\/ulqini-online.com\/sajti\/wp-content\/uploads\/2016\/09\/cungu-projekte-norvegjia-300x200.jpg 300w\" sizes=\"auto, (max-width: 525px) 100vw, 525px\" \/><\/a>Kryetari i komun\u00ebs Nazif Cungu priti n\u00eb takim koordinatoren e programit per projekte bilaterale zhvillimore e Ambasad\u00ebs\u00a0 s\u00eb Mbret\u00ebris\u00eb s\u00eb Norvegjis\u00eb\u00a0 Nela Joviq. Biseda u fokusua\u00a0 n\u00eb Projektin ,,Zhvillimi i\u00a0 q\u00ebndruesh\u00ebm\u00a0 i ekosistemit\u00a0 detar dhe bregdetar\u00a0 n\u00ebp\u00ebrmjet\u00a0 mbrojtjes s\u00eb\u00a0 faun\u00ebs,, q\u00eb realizohet\u00a0 n\u00eb territorin e komun\u00ebs ton\u00eb me mb\u00ebshtetjen e\u00a0 ambasad\u00ebs s\u00eb Norvegjis\u00eb gjegjesisht fodnin e ambasades se Norvegjise ne Beograd i cili eshte i hapur edhe per projektet nga Mali i Zi.<\/p>\n<p>Edhe n\u00eb k\u00ebt\u00eb takim\u00a0 u tha q\u00eb rritja e vetedij\u00ebs\u00a0 t\u00eb masave\u00a0 p\u00ebr t\u00eb\u00a0 nd\u00ebrprer\u00eb dukurit\u00eb negative t\u00eb peshkimit \u00ebsht\u00eb i nj\u00eb r\u00ebnd\u00ebsie t\u00eb vecant\u00eb, sepse n\u00eb t\u00eb kund\u00ebrt\u00ebn\u00a0 k\u00ebrc\u00ebnohet\u00a0 rip\u00ebrtrirja e peshkut dhe\u00a0 zhdukja e\u00a0 disa llojeve t\u00eb rralla. Kryetari Cungu\u00a0 insiston n\u00eb\u00a0 implementimin e pervojave evropiane n\u00eb k\u00ebt\u00eb fush\u00eb. Nga\u00a0 organet\u00a0\u00a0 shteterore ,do t\u00eb k\u00ebrkojm\u00eb shtimin e numrit t\u00eb\u00a0 inspektor\u00ebve n\u00eb terren, nd\u00ebrkohe q\u00eb shpreson q\u00eb me riorganizimin e Nd\u00ebrmarrjeve publike q\u00eb\u00a0 merren me k\u00ebt\u00eb veprimtari , situata ne terren do t\u00eb p\u00ebrnmir\u00ebsohet m\u00eb shum\u00eb. Ai njoftoi p\u00ebrfaq\u00ebsuesen\u00a0 e Ambasad\u00ebs s\u00eb Norvegjis\u00eb se Zyra\u00a0 p\u00ebr bashk\u00ebpunim nd\u00ebrkomb\u00ebtar dhe projekte edhe metej do t\u00eb jet\u00eb e fokusuar n\u00eb projekte t\u00eb k\u00ebtij lloji.Udh\u00ebheq\u00ebsja e Programit -Nela Joviq do t\u00eb jet\u00eb n\u00eb terren si dhe do t\u00eb viyitoj\u00eb zyr\u00ebn p\u00ebr projekte.<\/p>\n","protected":false},"excerpt":{"rendered":"<p>Kryetari i komun\u00ebs Nazif Cungu priti n\u00eb takim koordinatoren e programit per projekte bilaterale zhvillimore e Ambasad\u00ebs\u00a0 s\u00eb Mbret\u00ebris\u00eb s\u00eb Norvegjis\u00eb\u00a0 Nela Joviq. Biseda u fokusua\u00a0 n\u00eb Projektin ,,Zhvillimi i\u00a0 q\u00ebndruesh\u00ebm\u00a0 i ekosistemit\u00a0 detar dhe bregdetar\u00a0 n\u00ebp\u00ebrmjet\u00a0 mbrojtjes s\u00eb\u00a0 faun\u00ebs,, q\u00eb realizohet\u00a0 n\u00eb territorin e komun\u00ebs ton\u00eb me mb\u00ebshtetjen e\u00a0 ambasad\u00ebs s\u00eb Norvegjis\u00eb gjegjesisht fodnin [&hellip;]<\/p>\n","protected":false},"author":1,"featured_media":10732,"comment_status":"open","ping_status":"open","sticky":false,"template":"","format":"standard","meta":{"_seopress_robots_primary_cat":"","_seopress_titles_title":"","_seopress_titles_desc":"","_seopress_robots_index":"","footnotes":""},"categories":[1],"tags":[],"class_list":["post-10731","post","type-post","status-publish","format-standard","has-post-thumbnail","hentry","category-uncategorized"],"_links":{"self":[{"href":"https:\/\/ulqini-online.com\/sajti\/index.php?rest_route=\/wp\/v2\/posts\/10731","targetHints":{"allow":["GET"]}}],"collection":[{"href":"https:\/\/ulqini-online.com\/sajti\/index.php?rest_route=\/wp\/v2\/posts"}],"about":[{"href":"https:\/\/ulqini-online.com\/sajti\/index.php?rest_route=\/wp\/v2\/types\/post"}],"author":[{"embeddable":true,"href":"https:\/\/ulqini-online.com\/sajti\/index.php?rest_route=\/wp\/v2\/users\/1"}],"replies":[{"embeddable":true,"href":"https:\/\/ulqini-online.com\/sajti\/index.php?rest_route=%2Fwp%2Fv2%2Fcomments&post=10731"}],"version-history":[{"count":1,"href":"https:\/\/ulqini-online.com\/sajti\/index.php?rest_route=\/wp\/v2\/posts\/10731\/revisions"}],"predecessor-version":[{"id":10733,"href":"https:\/\/ulqini-online.com\/sajti\/index.php?rest_route=\/wp\/v2\/posts\/10731\/revisions\/10733"}],"wp:featuredmedia":[{"embeddable":true,"href":"https:\/\/ulqini-online.com\/sajti\/index.php?rest_route=\/wp\/v2\/media\/10732"}],"wp:attachment":[{"href":"https:\/\/ulqini-online.com\/sajti\/index.php?rest_route=%2Fwp%2Fv2%2Fmedia&parent=10731"}],"wp:term":[{"taxonomy":"category","embeddable":true,"href":"https:\/\/ulqini-online.com\/sajti\/index.php?rest_route=%2Fwp%2Fv2%2Fcategories&post=10731"},{"taxonomy":"post_tag","embeddable":true,"href":"https:\/\/ulqini-online.com\/sajti\/index.php?rest_route=%2Fwp%2Fv2%2Ftags&post=10731"}],"curies":[{"name":"wp","href":"https:\/\/api.w.org\/{rel}","templated":true}]}}