{"id":10729,"date":"2016-09-01T14:38:01","date_gmt":"2016-09-01T12:38:01","guid":{"rendered":"http:\/\/ulqini-online.com\/sajti\/?p=10729"},"modified":"2016-09-01T14:38:01","modified_gmt":"2016-09-01T12:38:01","slug":"shume-pak-dhe-teper-vone","status":"publish","type":"post","link":"https:\/\/ulqini-online.com\/sajti\/?p=10729","title":{"rendered":"SHUM\u00cb PAK DHE TEP\u00cbR VON\u00cb!"},"content":{"rendered":"<p><strong><a href=\"https:\/\/ulqini-online.com\/sajti\/wp-content\/uploads\/2016\/05\/nene-tereza-ne-univrsitetin-e-harvardit.png\"><img loading=\"lazy\" decoding=\"async\" class=\"aligncenter wp-image-9344 size-full\" src=\"https:\/\/ulqini-online.com\/sajti\/wp-content\/uploads\/2016\/05\/nene-tereza-ne-univrsitetin-e-harvardit.png\" alt=\"nene-tereza-ne-univrsitetin-e-harvardit\" width=\"506\" height=\"350\" srcset=\"https:\/\/ulqini-online.com\/sajti\/wp-content\/uploads\/2016\/05\/nene-tereza-ne-univrsitetin-e-harvardit.png 506w, https:\/\/ulqini-online.com\/sajti\/wp-content\/uploads\/2016\/05\/nene-tereza-ne-univrsitetin-e-harvardit-300x208.png 300w\" sizes=\"auto, (max-width: 506px) 100vw, 506px\" \/><\/a>Nga Frank Shkreli<\/strong><\/p>\n<p>An\u00eb e mban\u00eb bot\u00ebs po b\u00ebhen p\u00ebrgatitje p\u00ebr t\u00eb sh\u00ebnuar sh\u00ebnjt\u00ebrimin e N\u00ebn\u00eb Terez\u00ebs m\u00eb 4 shtator, 2016.\u00a0 Natyrisht se at\u00eb dit\u00eb v\u00ebmendja dhe syt\u00eb e bot\u00ebs do t\u00eb drejtohen kah Vatikani dhe Roma, epiqendra e aktiviteteve, aty ku Papa Fran\u00e7esku do t\u00eb kryesoj\u00eb mesh\u00ebn dhe ceremonin\u00eb p\u00ebr lart\u00ebsimin e Sh\u00ebnjt\u00ebresh\u00ebs N\u00ebn\u00eb Tereza, bij\u00ebs s\u00eb kombit shqiptar dhe N\u00ebn\u00ebs s\u00eb m\u00eb t\u00eb varf\u00ebrve an\u00eb e mban\u00eb bot\u00ebs.\u00a0 Por nuk feston vet\u00ebm Vatikani dhe Kisha Katolike.\u00a0 Festojn\u00eb t\u00eb gjith\u00eb njerzit vullnetmir\u00eb dhe dashamir\u00ebs t\u00eb paq\u00ebs an\u00eb e mban\u00eb bot\u00ebs.\u00a0\u00a0 Festojn\u00eb shtete dhe organizata nd\u00ebrkomb\u00ebtare, si Kombet e Bashkuara. K\u00ebt\u00eb dit\u00eb e sh\u00ebnojn\u00eb komunitete dhe organizata fetare dhe bamir\u00ebse an\u00eb e mban\u00eb bot\u00ebs.<\/p>\n<p>\u00cbsht\u00eb e v\u00ebrtet\u00eb se N\u00ebn\u00eb Tereza i takon bot\u00ebs.\u00a0 Por ajo pik\u00ebspari i takon kombit shqiptar. Ajo prej aty doli.\u00a0 Do e s\u2019do dikush, ajo aty i ka rr\u00ebnj\u00ebt, si bart\u00ebse e virtyteve m\u00eb t\u00eb sh\u00ebndosha t\u00eb kombit shqiptar.\u00a0 P\u00ebrfaqsuesja m\u00eb e denj\u00eb e frym\u00ebs s\u00eb v\u00ebllaz\u00ebrimit m\u00eb t\u00eb kulluar midis njer\u00ebzve pa dallim, e cila gjat\u00eb gjith\u00eb jet\u00ebs luftonte ndasit\u00eb midis besimeve, kulturave dhe kombeve.<\/p>\n<p>Nd\u00ebrkaq, ndon\u00ebse isha n\u00eb dijeni t\u00eb shum\u00eb p\u00ebrgatitjeve an\u00eb e mban\u00eb bot\u00ebs p\u00ebr sh\u00ebnjt\u00ebrimin e N\u00ebn\u00eb Terez\u00ebs, u turra t\u00eb shoh se si do e kujtoj\u00eb Shqip\u00ebria bij\u00ebn e saj n\u00eb k\u00ebt\u00eb dit\u00eb t\u00eb sh\u00ebnuar.\u00a0 Gjeta njoftimin e Ministris\u00eb s\u00eb Kultur\u00ebs t\u00eb Republik\u00ebs s\u00eb Shqip\u00ebris\u00eb, t\u00eb cil\u00ebn lexuesi mund ta lexoj\u00eb m\u00eb posht\u00eb \u2013 botuar m\u00eb 31 Gusht, 2016, &#8212; vet\u00ebm tre dit\u00eb para ceremonis\u00eb n\u00eb Vatikan &#8212; ku flitet p\u00ebr nj\u00eb ekspozit\u00eb n\u00eb Bibliotek\u00ebn Komb\u00ebtare kushtuar sh\u00ebnjt\u00ebrimit t\u00eb N\u00ebn\u00eb Terez\u00ebs.\u00a0 Tep\u00ebr von\u00eb dhe shum\u00eb pak, thash\u00eb me vete, pasi Vatikani kishte njoftuar dat\u00ebn e sh\u00ebnjt\u00ebrimit shum\u00eb koh\u00eb m\u00eb par\u00eb, pothuaj n\u00eb fillim t\u00eb k\u00ebtij viti.\u00a0 Pa dashur t\u00eb futem n\u00eb polemika me ask\u00ebnd, lexuesi t\u00eb vler\u00ebsoj\u00eb vet n\u00ebse Shqip\u00ebria mund t\u00eb b\u00ebnte di\u00e7ka m\u00eb shum\u00eb dhe m\u00eb heret, p\u00ebr tu p\u00ebrgatitur p\u00ebr k\u00ebt\u00eb dit\u00eb.\u00a0 Por mu duk si nj\u00eb vendim marr\u00eb me gjys\u00ebm zem\u00ebr, pa bindje\u00a0 dhe vullnet serioz se me t\u00eb v\u00ebrtet\u00eb duhej b\u00ebr\u00eb di\u00e7ka me k\u00ebt\u00eb rast.<\/p>\n<p>Do e s\u2019do njeriu, ky moment t\u00eb sjell\u00eb nd\u00ebr mend\u00eb p\u00ebr ata q\u00eb u kujtohet letra q\u00eb qarkulloi koh\u00ebt e fundit e q\u00eb N\u00ebn\u00eb Tereza i kishte d\u00ebrguar Ramiz Alis\u00eb, drejtuar, \u201cZotit President t\u00eb vendit ton\u00eb t\u00eb dashur Shqip\u00ebri\u201d, m\u00eb 2 shtator 1989 pas nj\u00eb vizite q\u00eb kishte b\u00ebr\u00eb n\u00eb atdheun e saj.\u00a0 N\u00eb at\u00eb let\u00ebr ajo shpreh k\u00ebnaq\u00ebsin\u00eb e saj q\u00eb, &#8220;Pas shum\u00eb vjet lutjesh dhe d\u00ebshire p\u00ebr t\u00eb vizituar vendin tim , m\u00eb n\u00eb fund i miri Zot ma dha k\u00ebt\u00eb dhurat\u00eb t\u00eb bukur t\u00eb shoh popullin tim&#8221;.\u00a0\u00a0 N\u00eb at\u00eb let\u00ebr, N\u00ebna Tereze i shkruan Ramiz Alis\u00eb se veprimtaria e saj, \u201cnuk \u00ebsht\u00eb \u00e7\u00ebshtje biznesi, as politike&#8221; dhe shton se, &#8220;Un\u00eb nuk kam as ar e as argjent, por juve do t\u2019ju jap motrat&#8221;.\u00a0\u00a0 K\u00ebrkesa e N\u00ebn\u00eb Terezes bie n\u00eb vesh\u00eb t\u00eb shurdh\u00ebt dhe refuzohet kategorikisht nga Ramiz Alia, nga ai,\u00a0 t\u00eb cilit N\u00ebn\u00eb Tereza iu drejtua si, \u201cZotit President t\u00eb vendit ton\u00eb t\u00eb dashur Shqip\u00ebri\u201d.\u00a0 Shqip\u00ebria e gjys\u00ebm shekulli m\u00eb par\u00eb nuk kishte nevoj\u00eb as p\u00ebr N\u00ebn\u00eb Terez\u00ebn as p\u00ebr motrat e saja, i kishte shkruar Ramiz Alia, N\u00ebn\u00eb Terez\u00ebs, pasi\u00a0\u00a0\u00a0\u00a0\u00a0\u00a0\u00a0\u00a0 \u201cShqet\u00ebsimi i juaj p\u00ebr njer\u00ebzit e varf\u00ebr p\u00ebrb\u00ebn detyr\u00ebn humane e patriotike t\u00eb mij\u00ebra e mij\u00ebra djem e vajzave t\u00eb popullit ton\u00eb, q\u00eb si mjek\u00eb e infermier\u00eb\u2026 i jan\u00eb p\u00ebrkushtuar sh\u00ebndetit e mir\u00ebqenies s\u00eb njer\u00ebzve tan\u00eb\u201d.\u00a0 Kjo ishte at\u00ebher\u00eb, po sot pas 25 vitesh post-komuniz\u00ebm?<\/p>\n<p>Shpresohej p\u00ebr nj\u00eb m\u00ebk\u00ebmbje t\u00eb vlerave, t\u00eb kultur\u00ebs dhe traditave t\u00eb\u00a0 shtypura komb\u00ebtare nga regjimi komunist p\u00ebr pothuaj gjys\u00ebm shekulli.\u00a0\u00a0 Kultura nuk \u00ebsht\u00eb nj\u00eb njoftim ose grumbull njoftimesh, por \u00ebsht\u00eb nj\u00eb fuqi gjykuese morale e vlerave p\u00ebr t\u00eb cilat shquhej N\u00ebn\u00eb Tereza dhe p\u00ebr t\u00eb cilat n\u00eb k\u00ebt\u00eb tok\u00eb ajo u vler\u00ebsua me \u00e7mimin m\u00eb t\u00eb lart\u00eb t\u00eb k\u00ebsaj bote, me \u00c7mimin Nobel p\u00ebr Paq\u00eb.\u00a0 Nd\u00ebrkaq t\u00eb djel\u00ebn m\u00eb 4 shtator do t\u2019i akordohet titulli m\u00eb i lart\u00eb nga Kisha Katolike, Sh\u00ebnjt\u00ebresh\u00eb, q\u00eb mund t\u2019i jepet njeriut t\u00eb vdeksh\u00ebm, p\u00ebr meritat, veprimtarin\u00eb dhe trash\u00ebgimin\u00eb q\u00eb la pas p\u00ebr mbar\u00eb bot\u00ebn.<\/p>\n<p>Po t\u00eb duam t\u00eb jemi t\u00eb sakt\u00eb dhe t\u00eb sinqert\u00eb me vetveten, duhet t\u00eb pranojm\u00eb ashtu si\u00e7 \u00ebsht\u00eb prononcuar shpesh edhe ajo vet n\u00eb shum\u00eb raste,\u00a0 N\u00ebn\u00eb Tereza i p\u00ebrket k\u00ebtij grumbulli njerzish n\u00eb k\u00ebt\u00eb tok\u00eb,\u00a0 k\u00ebtij kombi t\u00eb quajtur shqiptar.\u00a0 Jo vet\u00ebm, sa p\u00ebr sy e faqe, por ajo shprehimisht i p\u00ebrkiste k\u00ebtij kombi me gjakun dhe zanafill\u00ebn e saj si element i p\u00ebrbashk\u00ebt i k\u00ebtij kombi \u2013megjith\u00ebse armiqt\u00eb e kombit shqiptar u p\u00ebrpoq\u00ebn dhe gjithnj\u00eb p\u00ebrpiqen ta p\u00ebrvet\u00ebsojn\u00eb at\u00eb si t\u00eb tyren ose t\u00eb pak\u00ebn t\u00eb hedhin tym rreth zanafill\u00ebs s\u00eb saj.\u00a0 Po mos ta kishte, kombi shqiptar do t\u00eb duhej t\u00eb \u00e7pikte nj\u00eb N\u00ebn\u00eb Tereze,\u00a0 dhe si t\u00eb till\u00eb duhej t\u2019a mbaj\u00eb n\u00eb shuplak\u00eb t\u00eb dor\u00ebs, p\u00ebr nder t\u00eb vet si bij\u00eb e k\u00ebtij populli\u00a0 dhe p\u00ebr hir t\u00eb s\u00eb v\u00ebrtet\u00ebs, po se po, por edhe p\u00ebr syt\u00eb e bot\u00ebs.\u00a0 Kjo, n\u00eb mos p\u00ebr asgj\u00eb tjet\u00ebr, at\u00ebher\u00eb t\u00eb b\u00ebhet\u00a0 jo vet\u00ebm p\u00ebr d\u00ebshir\u00ebn, por edhe p\u00ebr nevoj\u00ebn q\u00eb shqiptar\u00ebt, me vlerat q\u00eb p\u00ebrfaq\u00ebson N\u00ebn\u00eb Tereza, t\u00eb marrin pjes\u00eb n\u00eb valle me popuj t\u00eb tjer\u00eb, jo si nj\u00eb popull i prapambetur n\u00eb Europ\u00eb, por si nj\u00eb komb i cili n\u00eb venat e gjakut t\u00eb tij ndjen\u00eb thell\u00ebsisht nevoj\u00ebn p\u00ebr lart\u00ebsimin moral dhe shoq\u00ebror, vlera k\u00ebto mbi t\u00eb cilat N\u00ebn\u00eb Tereza &#8212; bij\u00eb e k\u00ebtij populli &#8212; kishte p\u00ebrq\u00ebndruar veprimtarin\u00eb dhe jet\u00ebn e saj.\u00a0 Mungesa e nderimit dhe vler\u00ebsimit t\u00eb duhur ndaj veprimtaris\u00eb s\u00eb N\u00ebn\u00eb Terez\u00ebs,\u00a0 sidomos n\u00eb k\u00ebt\u00eb moment historik, kam droj\u00eb se madje edhe n\u00eb k\u00ebt\u00eb periudh\u00eb post-komuniste, ve n\u00eb pik\u00ebpyetje vullnetin dhe gatishm\u00ebrin\u00eb e Shqip\u00ebris\u00eb s\u00eb sot\u00ebme p\u00ebr tu ngjit\u00eb n\u00eb shkall\u00ebt dhe p\u00ebr tu ven\u00eb n\u00eb radh\u00ebt qytet\u00ebrore me kombet si motra t\u00eb bot\u00ebs s\u00eb p\u00ebrparuar.<\/p>\n","protected":false},"excerpt":{"rendered":"<p>Nga Frank Shkreli An\u00eb e mban\u00eb bot\u00ebs po b\u00ebhen p\u00ebrgatitje p\u00ebr t\u00eb sh\u00ebnuar sh\u00ebnjt\u00ebrimin e N\u00ebn\u00eb Terez\u00ebs m\u00eb 4 shtator, 2016.\u00a0 Natyrisht se at\u00eb dit\u00eb v\u00ebmendja dhe syt\u00eb e bot\u00ebs do t\u00eb drejtohen kah Vatikani dhe Roma, epiqendra e aktiviteteve, aty ku Papa Fran\u00e7esku do t\u00eb kryesoj\u00eb mesh\u00ebn dhe ceremonin\u00eb p\u00ebr lart\u00ebsimin e Sh\u00ebnjt\u00ebresh\u00ebs N\u00ebn\u00eb [&hellip;]<\/p>\n","protected":false},"author":1,"featured_media":9344,"comment_status":"open","ping_status":"open","sticky":false,"template":"","format":"standard","meta":{"_seopress_robots_primary_cat":"","_seopress_titles_title":"","_seopress_titles_desc":"","_seopress_robots_index":"","footnotes":""},"categories":[12],"tags":[51,214],"class_list":["post-10729","post","type-post","status-publish","format-standard","has-post-thumbnail","hentry","category-opinione","tag-frank-shkreli","tag-nene-tereza"],"_links":{"self":[{"href":"https:\/\/ulqini-online.com\/sajti\/index.php?rest_route=\/wp\/v2\/posts\/10729","targetHints":{"allow":["GET"]}}],"collection":[{"href":"https:\/\/ulqini-online.com\/sajti\/index.php?rest_route=\/wp\/v2\/posts"}],"about":[{"href":"https:\/\/ulqini-online.com\/sajti\/index.php?rest_route=\/wp\/v2\/types\/post"}],"author":[{"embeddable":true,"href":"https:\/\/ulqini-online.com\/sajti\/index.php?rest_route=\/wp\/v2\/users\/1"}],"replies":[{"embeddable":true,"href":"https:\/\/ulqini-online.com\/sajti\/index.php?rest_route=%2Fwp%2Fv2%2Fcomments&post=10729"}],"version-history":[{"count":1,"href":"https:\/\/ulqini-online.com\/sajti\/index.php?rest_route=\/wp\/v2\/posts\/10729\/revisions"}],"predecessor-version":[{"id":10730,"href":"https:\/\/ulqini-online.com\/sajti\/index.php?rest_route=\/wp\/v2\/posts\/10729\/revisions\/10730"}],"wp:featuredmedia":[{"embeddable":true,"href":"https:\/\/ulqini-online.com\/sajti\/index.php?rest_route=\/wp\/v2\/media\/9344"}],"wp:attachment":[{"href":"https:\/\/ulqini-online.com\/sajti\/index.php?rest_route=%2Fwp%2Fv2%2Fmedia&parent=10729"}],"wp:term":[{"taxonomy":"category","embeddable":true,"href":"https:\/\/ulqini-online.com\/sajti\/index.php?rest_route=%2Fwp%2Fv2%2Fcategories&post=10729"},{"taxonomy":"post_tag","embeddable":true,"href":"https:\/\/ulqini-online.com\/sajti\/index.php?rest_route=%2Fwp%2Fv2%2Ftags&post=10729"}],"curies":[{"name":"wp","href":"https:\/\/api.w.org\/{rel}","templated":true}]}}