{"id":10726,"date":"2016-09-01T12:37:56","date_gmt":"2016-09-01T10:37:56","guid":{"rendered":"http:\/\/ulqini-online.com\/sajti\/?p=10726"},"modified":"2016-09-01T12:37:56","modified_gmt":"2016-09-01T10:37:56","slug":"festivali-i-pare-nderkombetar-i-muzikes-ne-ulqin","status":"publish","type":"post","link":"https:\/\/ulqini-online.com\/sajti\/?p=10726","title":{"rendered":"Festivali i Par\u00eb Nd\u00ebrkomb\u00ebtar i Muzik\u00ebs n\u00eb Ulqin"},"content":{"rendered":"<p><a href=\"https:\/\/ulqini-online.com\/sajti\/wp-content\/uploads\/2016\/09\/Festivali-i-Pare-Nderkombetar-i-Muzikes-ne-Ulqin.jpg\"><img loading=\"lazy\" decoding=\"async\" class=\"aligncenter wp-image-10727 size-full\" src=\"https:\/\/ulqini-online.com\/sajti\/wp-content\/uploads\/2016\/09\/Festivali-i-Pare-Nderkombetar-i-Muzikes-ne-Ulqin.jpg\" alt=\"Festivali-i-Pare-Nderkombetar-i-Muzikes-ne-Ulqin\" width=\"524\" height=\"400\" srcset=\"https:\/\/ulqini-online.com\/sajti\/wp-content\/uploads\/2016\/09\/Festivali-i-Pare-Nderkombetar-i-Muzikes-ne-Ulqin.jpg 524w, https:\/\/ulqini-online.com\/sajti\/wp-content\/uploads\/2016\/09\/Festivali-i-Pare-Nderkombetar-i-Muzikes-ne-Ulqin-300x229.jpg 300w\" sizes=\"auto, (max-width: 524px) 100vw, 524px\" \/><\/a>\u00a0\u00a0 Festivali i par\u00eb nd\u00ebrkomb\u00ebtar i muzik\u00ebs n\u00eb Ulqin b\u00ebn debutimin e tij t\u00eb premten , 9 Shtator\u00a0 deri t\u00eb dielen 11 Shtator 2016, \u00a0n\u00eb mjedise t\u00eb ndryshme skenike t\u00eb qytetit \u00a0bregdetar t\u00eb Ulqinit. Ky festival do t\u00eb shfaq\u00eb talentet e shquara t\u00eb muzikant\u00ebve Ballkanas si dhe t\u00eb artist\u00ebve t\u00eb njohur nd\u00ebrkomb\u00ebtarisht nga e gjith\u00eb bota. K\u00ebt\u00eb vit festivali do t\u00eb paraqes\u00eb artist nga Mali Zi si, sopranon Gjylie Pelingu dhe pianisten Iliriana Gjoni, gjithashtu pianisten nga \u00a0Serbia Natasha Mitroviq si dhe grupin muzikor nga Nju Jorku \u00a0\u201cPoetika Muzika\u201d ,duke p\u00ebrfshire, Oren Fader n\u00eb gitar, Barry Crawford n\u00eb flaut dhe \u00a0sopranon Eleanor Valkenburg. Ato do t\u00eb interpretojn\u00eb vepra muzikore nga Debusi, \u00c7ajkovski, Bogdanoviq, Shopen, Mendelson dhe Gershvin gjithashtu k\u00ebng\u00eb dhe pjes\u00eb n\u00eb piano nga kompozitor shqip\u00ebtar\u00eb Tonin Harapi dhe Zef \u00c7obaj.<\/p>\n<p>N\u00eb qytetin e bukur dhe romantik t\u00eb Ulqinit me plazhet e paprekura dhe rrethin\u00ebn kodrinore me n\u00eb krye Kalan\u00eb paraqet sfondin e p\u00ebkryer p\u00ebr festivalin e par\u00eb nd\u00ebrkomb\u00ebtar\u00eb t\u00eb muzikes. Muzikant t\u00eb ri dhe t\u00eb talentuar si dhe profesionist t\u00eb kalitur nga i gjith\u00eb Ballkani por edhe m\u00eb tej, do t\u00eb ken\u00eb mund\u00ebsin\u00eb t\u00eb bashk\u00ebveprojn\u00eb dhe t\u00eb nd\u00ebrthurin talentet duke e ndar\u00eb muziken e tyre me qytetar\u00ebt vendas dhe turist\u00ebt nga e gjith\u00eb bota.<\/p>\n<p>Festivali \u00ebsht\u00eb i mb\u00ebshtetur nga Fondacioni Kulturor Shqiptaro-Amerikan n\u00eb Nju Jork, bashk- organizator\u00ebt Hoteli Palata Venezia dhe Hoteli Mediteran n\u00eb bashk\u00ebpunim me Shkoll\u00ebn e Muzikes n\u00eb Ulqin dhe Komun\u00ebn e Ulqinit. P\u00ebr t\u00eb gjitha koncertet\u00a0 hyrja \u00ebsht\u00eb e lir\u00eb.<\/p>\n<p><strong><u>Koncerti i Nat\u00ebs s\u00eb Hapjes <\/u><\/strong><\/p>\n<p><strong><em>Net\u00ebt Ballkanike<\/em><\/strong><\/p>\n<p><strong>T\u00eb premten, 9 Shtator 2016 n\u00eb ora 20:00 <\/strong><\/p>\n<p><strong>Hoteli Mediteran-Salla e Konferencave<\/strong><\/p>\n<p>Artist\u00ebt: Gjylie Pelingu, soprano, Iliriana Gjoni, pianiste, Oren Fader, gitarist, Natasa Mitrovic, pianiste dhe Eleanor Valkenburg, soprano.<\/p>\n<p>Vepra nga Kopland, Bogdanoviq, Gershvin gjithashtu k\u00ebng\u00eb dhe solo n\u00eb piano nga kompozitor shqip\u00ebtar\u00eb.<\/p>\n<p>&nbsp;<\/p>\n<p><strong><em>Fuqia e t\u00eb Dyve<\/em><\/strong><\/p>\n<p><strong>T\u00eb shtun\u00ebn, 10 Shtator n\u00eb ora 20:00 <\/strong><\/p>\n<p><strong>Hoteli Mediteran-Salla e Konferencave<\/strong><\/p>\n<p>Artist\u00ebt: Iliriana Gjoni, pianiste dhe Natasha Mitroviq, pianiste<\/p>\n<p>Vepra nga \u00c7ajkovski , Debusi, Shopen dhe Mendelson duke p\u00ebrfshir\u00eb \u201cArr\u00ebthyesin\u201d i p\u00ebrshtatur p\u00ebr interpretim me kat\u00ebr duar.<\/p>\n<p>&nbsp;<\/p>\n<p><strong>Koncert Dite &#8211; i\u00a0 hapur*<\/strong><\/p>\n<p><strong>T\u00eb dielen, 11 Shtator n\u00eb ora 11:00<\/strong><\/p>\n<p><strong>Hotel Palata Venezia<\/strong><\/p>\n<p>Artisti Oren Fader n\u00eb gitar<\/p>\n<p>Vepra nga Lauro, Rodrigo, Karter dhe t\u00eb tjer\u00eb.<\/p>\n<p>&nbsp;<\/p>\n<p><em>\u00a0<\/em><strong>Koncerti \u00a0i Nat\u00ebs Mbyll\u00ebse \u2013 i hapur* <\/strong><\/p>\n<p><strong><em>Nga Dy Amerikan<\/em><\/strong><\/p>\n<p><strong>T\u00eb dielen, 11 Shtator n\u00eb ora 17:00<\/strong><\/p>\n<p><strong>Hoteli Palata Venezia<\/strong><\/p>\n<p>Artist\u00ebt: Gjylie Pelingu, soprano, Oren Fader, gitarist, Barry Crawford, flautist dhe Eleanor Valkenburg, soprano<\/p>\n<p>Vepra nga Piazola, Gershvin, Villa-Lobos, Corigliano, Negro Spirituals si dhe k\u00ebng\u00eb nga Brodvei.<\/p>\n<p>&nbsp;<\/p>\n<ul>\n<li>(Lokacioni n\u00eb rast t\u00eb motit me shi: Salla e Konferencave n\u00eb Hotelin Palata Venezia)<\/li>\n<\/ul>\n<p><strong>\u00a0<\/strong><\/p>\n<p><strong><em>Iliriana Gjoni<\/em><\/strong>, pianiste e lindur n\u00eb Ulqin \u00ebsht\u00eb nj\u00eb nga nx\u00ebn\u00ebset e para t\u00eb Shkoll\u00ebs s\u00eb Muzik\u00ebs n\u00eb Ulqin.<\/p>\n<p>Ajo ka fituar nj\u00eb numer t\u00eb madh \u00e7mimesh nd\u00ebrkomb\u00ebtare duke p\u00ebrfshir\u00eb \u00e7mimin e par\u00eb n\u00eb Garat \u00a0e Muzikant\u00ebve t\u00eb Rinj t\u00eb Malit t\u00eb Zi dhe \u00e7mimin e par\u00eb n\u00eb Garat Komb\u00ebtar\u00eb n\u00eb Guardiagele t\u00eb Italis\u00eb. Ajo s\u00eb fundmi ka fituar titullin Master i Muzik\u00ebs n\u00eb piano dhe muzik\u00eb dhome nga Universiteti Karlsruhe. Ajo tani koh\u00ebn e saj e ndan n\u00eb mes t\u00eb m\u00ebsimdh\u00ebnies n\u00eb Karlsruhe dhe Mynih dhe performancave t\u00eb shpeshta.<\/p>\n<p>&nbsp;<\/p>\n<p><strong><em>Gjylie Pelingu<\/em><\/strong>, soprano e diplomuar n\u00eb Fakultetin e Muzik\u00ebs n\u00eb Tiran\u00eb, Shqip\u00ebri. Ka fituar \u00e7mimin e par\u00eb n\u00eb Garat Republikane n\u00eb Mal t\u00eb Zi si dhe vendin e par\u00eb n\u00eb \u201cArs Kosova\u201d kompeticion ky i mbajtur n\u00eb Prishtin\u00eb t\u00eb Kosov\u00ebs. Ajo ka performuar n\u00eb shtetet Ballkanike si Shqip\u00ebria, Sllovenia, Austria, Kosova dhe Mali i Zi. Aktualisht ajo punon si m\u00ebsimdh\u00ebn\u00ebse ne Shkoll\u00ebn e Muzik\u00ebs n\u00eb Ulqin.<\/p>\n<p>&nbsp;<\/p>\n<p><strong><em>Natasha Mitroviq<\/em><\/strong>, pianiste me fame e njohur si pianistja m\u00eb e re e emruar profesoresh\u00eb n\u00eb Konservatorin e Muzik\u00ebs n\u00eb Beograd. Ajo \u00ebsht\u00eb fituese e burs\u00ebs Fullbrajt dhe ka studiuar n\u00eb Universitetin e Mi\u00e7iganit n\u00eb Ann Arbor. Ajo ka performuar n\u00eb vende si Kuvait, Shtetet e Bashkuara t\u00eb Amerik\u00ebs, Kin\u00eb, Japoni, Franc\u00eb dhe Gjermani si dhe n\u00eb vendet Ballkanike ku vazhdon pun\u00ebn si m\u00ebsuese e respektuar dhe e zellshme e konsevatorit.<\/p>\n<p>&nbsp;<\/p>\n<p><strong><em>Treshja Poetika Muzika,<\/em><\/strong> jan\u00eb nj\u00eb ansamb\u00ebl nga Nju Jorku q\u00eb performojn\u00eb muzik\u00eb dhome. Performancat e tyre shtrihen n\u00eb m\u00eb shum\u00eb se 60 shtete duke p\u00ebrfshir\u00eb Perun, Xhamajken, Norvegjin, Danimarken, Turqin\u00eb, Jordanin, Indin\u00eb dhe Izraelin. Ansambli ka interpretuar edhe n\u00eb festivale prestigjoze ku numrojm\u00eb Festivalin Nd\u00ebrkomb\u00ebtar t\u00eb Muzik\u00ebs n\u00eb Stamboll, Festivalin Nd\u00ebrkomb\u00ebtar t\u00eb Muzik\u00ebs n\u00eb Bergen t\u00eb Norvegjis\u00eb dhe Festivalin e Sarajev\u00ebs. K\u00ebt\u00eb sezon ato do b\u00ebjn\u00eb turne n\u00eb vende si Kosova, Bullgaria, Greqia dhe Afrika e Jugut.<\/p>\n<p>&nbsp;<\/p>\n<p>P\u00ebr m\u00eb shum\u00eb informata, ju lutem, kontaktoni z. Arsllan Hajdinagen nga Kabineti i Kryetarit t\u00eb Komunes s\u00eb Ulqinit n\u00eb 069 400 473.<\/p>\n<p>&nbsp;<\/p>\n<p>&nbsp;<\/p>\n<p>&nbsp;<\/p>\n","protected":false},"excerpt":{"rendered":"<p>\u00a0\u00a0 Festivali i par\u00eb nd\u00ebrkomb\u00ebtar i muzik\u00ebs n\u00eb Ulqin b\u00ebn debutimin e tij t\u00eb premten , 9 Shtator\u00a0 deri t\u00eb dielen 11 Shtator 2016, \u00a0n\u00eb mjedise t\u00eb ndryshme skenike t\u00eb qytetit \u00a0bregdetar t\u00eb Ulqinit. Ky festival do t\u00eb shfaq\u00eb talentet e shquara t\u00eb muzikant\u00ebve Ballkanas si dhe t\u00eb artist\u00ebve t\u00eb njohur nd\u00ebrkomb\u00ebtarisht nga e gjith\u00eb [&hellip;]<\/p>\n","protected":false},"author":1,"featured_media":10727,"comment_status":"open","ping_status":"open","sticky":false,"template":"","format":"standard","meta":{"_seopress_robots_primary_cat":"","_seopress_titles_title":"","_seopress_titles_desc":"","_seopress_robots_index":"","footnotes":""},"categories":[2,6],"tags":[179,178,242,240,241],"class_list":["post-10726","post","type-post","status-publish","format-standard","has-post-thumbnail","hentry","category-aktualitet","category-kulture","tag-gjylie-pelingu","tag-iliriana-gjoni","tag-shkolla-e-muzikes-ne-ulqin","tag-tonin-harapi","tag-zef-cobaj"],"_links":{"self":[{"href":"https:\/\/ulqini-online.com\/sajti\/index.php?rest_route=\/wp\/v2\/posts\/10726","targetHints":{"allow":["GET"]}}],"collection":[{"href":"https:\/\/ulqini-online.com\/sajti\/index.php?rest_route=\/wp\/v2\/posts"}],"about":[{"href":"https:\/\/ulqini-online.com\/sajti\/index.php?rest_route=\/wp\/v2\/types\/post"}],"author":[{"embeddable":true,"href":"https:\/\/ulqini-online.com\/sajti\/index.php?rest_route=\/wp\/v2\/users\/1"}],"replies":[{"embeddable":true,"href":"https:\/\/ulqini-online.com\/sajti\/index.php?rest_route=%2Fwp%2Fv2%2Fcomments&post=10726"}],"version-history":[{"count":1,"href":"https:\/\/ulqini-online.com\/sajti\/index.php?rest_route=\/wp\/v2\/posts\/10726\/revisions"}],"predecessor-version":[{"id":10728,"href":"https:\/\/ulqini-online.com\/sajti\/index.php?rest_route=\/wp\/v2\/posts\/10726\/revisions\/10728"}],"wp:featuredmedia":[{"embeddable":true,"href":"https:\/\/ulqini-online.com\/sajti\/index.php?rest_route=\/wp\/v2\/media\/10727"}],"wp:attachment":[{"href":"https:\/\/ulqini-online.com\/sajti\/index.php?rest_route=%2Fwp%2Fv2%2Fmedia&parent=10726"}],"wp:term":[{"taxonomy":"category","embeddable":true,"href":"https:\/\/ulqini-online.com\/sajti\/index.php?rest_route=%2Fwp%2Fv2%2Fcategories&post=10726"},{"taxonomy":"post_tag","embeddable":true,"href":"https:\/\/ulqini-online.com\/sajti\/index.php?rest_route=%2Fwp%2Fv2%2Ftags&post=10726"}],"curies":[{"name":"wp","href":"https:\/\/api.w.org\/{rel}","templated":true}]}}