{"id":10723,"date":"2016-09-01T12:20:03","date_gmt":"2016-09-01T10:20:03","guid":{"rendered":"http:\/\/ulqini-online.com\/sajti\/?p=10723"},"modified":"2016-09-01T12:20:03","modified_gmt":"2016-09-01T10:20:03","slug":"kryetarit-te-udsh-se-mehmet-zenka-i-akordohet-titulli-misionar-paqeje","status":"publish","type":"post","link":"https:\/\/ulqini-online.com\/sajti\/?p=10723","title":{"rendered":"Kryetarit t\u00eb UDSH-s\u00eb Mehmet Zenka i akordohet titulli \u201cMisionar Paqeje\u201d"},"content":{"rendered":"<p><a href=\"https:\/\/ulqini-online.com\/sajti\/wp-content\/uploads\/2016\/09\/mehmed-zenka.jpg\"><img loading=\"lazy\" decoding=\"async\" class=\"aligncenter wp-image-10724 \" src=\"https:\/\/ulqini-online.com\/sajti\/wp-content\/uploads\/2016\/09\/mehmed-zenka.jpg\" alt=\"mehmed-zenka\" width=\"523\" height=\"467\" srcset=\"https:\/\/ulqini-online.com\/sajti\/wp-content\/uploads\/2016\/09\/mehmed-zenka.jpg 336w, https:\/\/ulqini-online.com\/sajti\/wp-content\/uploads\/2016\/09\/mehmed-zenka-300x268.jpg 300w\" sizes=\"auto, (max-width: 523px) 100vw, 523px\" \/><\/a>Unioni Demokratik i Shqiptar\u00ebve (UDSH) n\u00ebp\u00ebrmes nj\u00eb ftese njofton p\u00ebr ceremonin\u00eb q\u00eb organizohet me rastin e dor\u00ebzimit t\u00eb titullit \u201cMisionar Paqeje\u201d z. Mehmed Zenka, titull ky q\u00eb ia ka akorduar Diplomatic Mission Peace and Prosperity (DMPP).<\/p>\n<p>Ceremonia e dor\u00ebzimit do t\u00eb mbahet dit\u00ebn e shtun\u00eb n\u00eb \u201cPallatin Venecia\u201d n\u00eb Kalan\u00eb e Ulqinit.<\/p>\n","protected":false},"excerpt":{"rendered":"<p>Unioni Demokratik i Shqiptar\u00ebve (UDSH) n\u00ebp\u00ebrmes nj\u00eb ftese njofton p\u00ebr ceremonin\u00eb q\u00eb organizohet me rastin e dor\u00ebzimit t\u00eb titullit \u201cMisionar Paqeje\u201d z. Mehmed Zenka, titull ky q\u00eb ia ka akorduar Diplomatic Mission Peace and Prosperity (DMPP). Ceremonia e dor\u00ebzimit do t\u00eb mbahet dit\u00ebn e shtun\u00eb n\u00eb \u201cPallatin Venecia\u201d n\u00eb Kalan\u00eb e Ulqinit.<\/p>\n","protected":false},"author":1,"featured_media":10724,"comment_status":"open","ping_status":"open","sticky":false,"template":"","format":"standard","meta":{"_seopress_robots_primary_cat":"","_seopress_titles_title":"","_seopress_titles_desc":"","_seopress_robots_index":"","footnotes":""},"categories":[3],"tags":[237,238,239],"class_list":["post-10723","post","type-post","status-publish","format-standard","has-post-thumbnail","hentry","category-politike","tag-mehmed-zenka","tag-udsh","tag-uninoni-demokratik-i-shqiptareve"],"_links":{"self":[{"href":"https:\/\/ulqini-online.com\/sajti\/index.php?rest_route=\/wp\/v2\/posts\/10723","targetHints":{"allow":["GET"]}}],"collection":[{"href":"https:\/\/ulqini-online.com\/sajti\/index.php?rest_route=\/wp\/v2\/posts"}],"about":[{"href":"https:\/\/ulqini-online.com\/sajti\/index.php?rest_route=\/wp\/v2\/types\/post"}],"author":[{"embeddable":true,"href":"https:\/\/ulqini-online.com\/sajti\/index.php?rest_route=\/wp\/v2\/users\/1"}],"replies":[{"embeddable":true,"href":"https:\/\/ulqini-online.com\/sajti\/index.php?rest_route=%2Fwp%2Fv2%2Fcomments&post=10723"}],"version-history":[{"count":1,"href":"https:\/\/ulqini-online.com\/sajti\/index.php?rest_route=\/wp\/v2\/posts\/10723\/revisions"}],"predecessor-version":[{"id":10725,"href":"https:\/\/ulqini-online.com\/sajti\/index.php?rest_route=\/wp\/v2\/posts\/10723\/revisions\/10725"}],"wp:featuredmedia":[{"embeddable":true,"href":"https:\/\/ulqini-online.com\/sajti\/index.php?rest_route=\/wp\/v2\/media\/10724"}],"wp:attachment":[{"href":"https:\/\/ulqini-online.com\/sajti\/index.php?rest_route=%2Fwp%2Fv2%2Fmedia&parent=10723"}],"wp:term":[{"taxonomy":"category","embeddable":true,"href":"https:\/\/ulqini-online.com\/sajti\/index.php?rest_route=%2Fwp%2Fv2%2Fcategories&post=10723"},{"taxonomy":"post_tag","embeddable":true,"href":"https:\/\/ulqini-online.com\/sajti\/index.php?rest_route=%2Fwp%2Fv2%2Ftags&post=10723"}],"curies":[{"name":"wp","href":"https:\/\/api.w.org\/{rel}","templated":true}]}}