{"id":10721,"date":"2016-09-01T12:11:10","date_gmt":"2016-09-01T10:11:10","guid":{"rendered":"http:\/\/ulqini-online.com\/sajti\/?p=10721"},"modified":"2016-09-01T12:11:10","modified_gmt":"2016-09-01T10:11:10","slug":"cungu-dhe-nimanbegu-urojne-nxenesit-mesimdhenesit-dhe-prinderit-me-rastin-e-fillimit-te-vitit-te-ri-shkollor","status":"publish","type":"post","link":"https:\/\/ulqini-online.com\/sajti\/?p=10721","title":{"rendered":"Cungu dhe Nimanbegu urojn\u00eb nx\u00ebn\u00ebsit, m\u00ebsimdh\u00ebn\u00ebsit dhe prind\u00ebrit me rastin e fillimit te vitit t\u00eb ri shkollor"},"content":{"rendered":"<p><a href=\"https:\/\/ulqini-online.com\/sajti\/wp-content\/uploads\/2016\/08\/nxenesit-fillestar-ulqin.jpg\"><img loading=\"lazy\" decoding=\"async\" class=\"aligncenter wp-image-10469 \" src=\"https:\/\/ulqini-online.com\/sajti\/wp-content\/uploads\/2016\/08\/nxenesit-fillestar-ulqin.jpg\" alt=\"nxenesit-fillestar-ulqin\" width=\"590\" height=\"354\" srcset=\"https:\/\/ulqini-online.com\/sajti\/wp-content\/uploads\/2016\/08\/nxenesit-fillestar-ulqin.jpg 500w, https:\/\/ulqini-online.com\/sajti\/wp-content\/uploads\/2016\/08\/nxenesit-fillestar-ulqin-300x180.jpg 300w\" sizes=\"auto, (max-width: 590px) 100vw, 590px\" \/><\/a>Kryetari i\u00a0 Komun\u00ebs s\u00eb Ulqinit Nazif Cungu dhe kryetari i K\u00ebshillit Komb\u00ebtar t\u00eb Shqiptar\u00ebve\u00a0n\u00eb Mal t\u00eb Zi Genci Nimanbegu kan\u00eb uruar nx\u00ebn\u00ebsit, m\u00ebsimdh\u00ebn\u00ebsit dhe prind\u00ebrit me rastin e fillimit te vitit t\u00eb ri shkollor.<\/p>\n<p><strong>Kryetari i\u00a0 Ulqinit Nazif Cungu\u00a0 ka uruar te gjith\u00eb nx\u00ebn\u00ebsit\u00a0 dhe\u00a0 m\u00ebsimdh\u00ebn\u00ebsit\u00a0 me rastin\u00a0 e fillimit te vitit t\u00eb ri\u00a0 shkollor<\/strong><\/p>\n<p>N\u00eb mesazhin e tij nd\u00ebr t\u00eb tjera thuhet, T\u00eb gjith\u00eb nx\u00ebn\u00ebsve, m\u00ebsimdh\u00ebn\u00ebsve dhe prind\u00ebrve i uroj\u00a0 nj\u00eb vit t\u00eb mbar\u00eb dhe t\u00eb suksessh\u00ebm. Nj\u00eb urim t\u00eb ve\u00e7ant\u00eb p\u00ebr t\u00eb gjith\u00eb nx\u00ebn\u00ebsit e klasave t\u00eb para, p\u00ebr ata q\u00eb fillojn\u00eb nj\u00eb etap\u00eb t\u00eb re t\u00eb jet\u00ebs s\u00eb tyre. Uroj q\u00eb edhe ky vit\u00a0 t\u00eb jet\u00eb\u00a0 nj\u00eb vit I mbar\u00eb\u00a0 dhe sukseseve t\u00eb p\u00ebrbashk\u00ebta.<\/p>\n<p>&nbsp;<\/p>\n<p><strong>URIME DIT\u00cbN E PAR\u00cb T\u00cb SHKOLL\u00cbS NGA KRYETARI I KKSH-s\u00eb<br \/>\n<\/strong><\/p>\n<p><strong>Urim p\u00ebr nx\u00ebn\u00ebsit, m\u00ebsimdh\u00ebn\u00ebsit dhe prind\u00ebrit p\u00ebr dit\u00ebn e par\u00eb t\u00eb shkoll\u00ebs<\/strong><\/p>\n<p>&nbsp;<\/p>\n<p>N\u00eb em\u00ebr t\u00eb K\u00ebshillit Komb\u00ebtar t\u00eb Shqiptar\u00ebve\u00a0n\u00eb Mal t\u00eb Zi dhe n\u00eb emrin tim personal, e p\u00ebrcjell k\u00ebt\u00eb\u00a0urim tek t\u00eb gjith\u00eb nx\u00ebn\u00ebsit p\u00ebr dit\u00ebn e par\u00eb t\u00eb shkoll\u00ebs, duke i d\u00ebshiruar nj\u00eb fillim t\u00eb mbar\u00eb, t\u00eb suksessh\u00ebm dhe sa m\u00eb t\u00eb frytsh\u00ebm.<\/p>\n<p>I urojm\u00eb nj\u00ebherit edhe m\u00ebsimdh\u00ebn\u00ebsve fillimin e vitit t\u00eb ri shkollor, me d\u00ebshir\u00ebn q\u00eb dituria e tyre dhe e librit, t\u00eb gjejn\u00eb strehim n\u00eb mendjen e nx\u00ebn\u00ebsve dhe puna e tyre e shenjt\u00eb t\u00eb realizohet si duhet.<\/p>\n<p>&nbsp;<\/p>\n<p>Urojm\u00eb edhe prind\u00ebrit p\u00ebr nj\u00eb vit sa m\u00eb t\u00eb suksessh\u00ebm p\u00ebr f\u00ebmij\u00ebt e tyre, duke i kujtuar q\u00eb sakrifica e b\u00ebr\u00eb p\u00ebr t\u2019i mund\u00ebsuar f\u00ebmij\u00ebve arsimim sa m\u00eb cil\u00ebsor, nj\u00eb dit\u00eb do t\u00eb shp\u00ebrblehet.<\/p>\n<p>Urimi m\u00eb i ve\u00e7ant\u00eb \u00ebsht\u00eb padyshim p\u00ebr ata q\u00eb sot p\u00ebr her\u00eb t\u00eb par\u00eb do t\u00eb ulen n\u00eb bankat e shkoll\u00ebs, t\u00eb cil\u00ebt m\u00eb k\u00ebt\u00eb rast fillojn\u00eb nj\u00eb etap\u00eb t\u00eb re t\u00eb jet\u00ebs s\u00eb tyre, p\u00ebr \u00e7ka ju urojm\u00eb suksese.<\/p>\n<p>Dua q\u00eb me k\u00ebt\u00eb rast t\u00eb p\u00ebrcjell edhe nj\u00eb k\u00ebshill\u00eb:<\/p>\n<p>\u201cDituria \u00ebsht\u00eb e vetmja gj\u00eb n\u00eb bot\u00eb me vler\u00eb, por pa \u00e7mim; e vetmja gj\u00eb q\u00eb fitohet dhe nuk blihet. Ka shum\u00eb gj\u00ebra q\u00eb presin p\u00ebr t\u2019u m\u00ebsuar, por shum\u00eb pak koh\u00eb p\u00ebr t\u2019i m\u00ebsuar\u201d.<\/p>\n<p>Andaj, shfryt\u00ebzojeni secilin moment p\u00ebr t\u00eb ndri\u00e7uar mendjen tuaj me dituri dhe, mbi t\u00eb gjitha, mos harroni se dit\u00ebt m\u00eb t\u00eb bukura jan\u00eb ato n\u00eb bankat shkollore.<\/p>\n<p>&nbsp;<\/p>\n<p>Me shum\u00eb respekt,<\/p>\n<p>&nbsp;<\/p>\n<p>Kryetari<\/p>\n<p>&nbsp;<\/p>\n<p>Genci Nimanbegu<\/p>\n","protected":false},"excerpt":{"rendered":"<p>Kryetari i\u00a0 Komun\u00ebs s\u00eb Ulqinit Nazif Cungu dhe kryetari i K\u00ebshillit Komb\u00ebtar t\u00eb Shqiptar\u00ebve\u00a0n\u00eb Mal t\u00eb Zi Genci Nimanbegu kan\u00eb uruar nx\u00ebn\u00ebsit, m\u00ebsimdh\u00ebn\u00ebsit dhe prind\u00ebrit me rastin e fillimit te vitit t\u00eb ri shkollor. Kryetari i\u00a0 Ulqinit Nazif Cungu\u00a0 ka uruar te gjith\u00eb nx\u00ebn\u00ebsit\u00a0 dhe\u00a0 m\u00ebsimdh\u00ebn\u00ebsit\u00a0 me rastin\u00a0 e fillimit te vitit t\u00eb ri\u00a0 shkollor [&hellip;]<\/p>\n","protected":false},"author":1,"featured_media":10469,"comment_status":"open","ping_status":"open","sticky":false,"template":"","format":"standard","meta":{"_seopress_robots_primary_cat":"","_seopress_titles_title":"","_seopress_titles_desc":"","_seopress_robots_index":"","footnotes":""},"categories":[11],"tags":[],"class_list":["post-10721","post","type-post","status-publish","format-standard","has-post-thumbnail","hentry","category-sociale"],"_links":{"self":[{"href":"https:\/\/ulqini-online.com\/sajti\/index.php?rest_route=\/wp\/v2\/posts\/10721","targetHints":{"allow":["GET"]}}],"collection":[{"href":"https:\/\/ulqini-online.com\/sajti\/index.php?rest_route=\/wp\/v2\/posts"}],"about":[{"href":"https:\/\/ulqini-online.com\/sajti\/index.php?rest_route=\/wp\/v2\/types\/post"}],"author":[{"embeddable":true,"href":"https:\/\/ulqini-online.com\/sajti\/index.php?rest_route=\/wp\/v2\/users\/1"}],"replies":[{"embeddable":true,"href":"https:\/\/ulqini-online.com\/sajti\/index.php?rest_route=%2Fwp%2Fv2%2Fcomments&post=10721"}],"version-history":[{"count":1,"href":"https:\/\/ulqini-online.com\/sajti\/index.php?rest_route=\/wp\/v2\/posts\/10721\/revisions"}],"predecessor-version":[{"id":10722,"href":"https:\/\/ulqini-online.com\/sajti\/index.php?rest_route=\/wp\/v2\/posts\/10721\/revisions\/10722"}],"wp:featuredmedia":[{"embeddable":true,"href":"https:\/\/ulqini-online.com\/sajti\/index.php?rest_route=\/wp\/v2\/media\/10469"}],"wp:attachment":[{"href":"https:\/\/ulqini-online.com\/sajti\/index.php?rest_route=%2Fwp%2Fv2%2Fmedia&parent=10721"}],"wp:term":[{"taxonomy":"category","embeddable":true,"href":"https:\/\/ulqini-online.com\/sajti\/index.php?rest_route=%2Fwp%2Fv2%2Fcategories&post=10721"},{"taxonomy":"post_tag","embeddable":true,"href":"https:\/\/ulqini-online.com\/sajti\/index.php?rest_route=%2Fwp%2Fv2%2Ftags&post=10721"}],"curies":[{"name":"wp","href":"https:\/\/api.w.org\/{rel}","templated":true}]}}