{"id":10719,"date":"2016-09-01T12:02:09","date_gmt":"2016-09-01T10:02:09","guid":{"rendered":"http:\/\/ulqini-online.com\/sajti\/?p=10719"},"modified":"2016-09-01T12:02:35","modified_gmt":"2016-09-01T10:02:35","slug":"vit-te-mbare-o-ju-shkollare","status":"publish","type":"post","link":"https:\/\/ulqini-online.com\/sajti\/?p=10719","title":{"rendered":"Vit t\u00eb mbar\u00eb, o ju shkollar\u00eb"},"content":{"rendered":"<p><strong><a href=\"https:\/\/ulqini-online.com\/sajti\/wp-content\/uploads\/2016\/08\/nxenesit-fillestar-ulqin.jpg\"><img loading=\"lazy\" decoding=\"async\" class=\"aligncenter wp-image-10469 size-full\" src=\"https:\/\/ulqini-online.com\/sajti\/wp-content\/uploads\/2016\/08\/nxenesit-fillestar-ulqin.jpg\" alt=\"nxenesit-fillestar-ulqin\" width=\"500\" height=\"300\" srcset=\"https:\/\/ulqini-online.com\/sajti\/wp-content\/uploads\/2016\/08\/nxenesit-fillestar-ulqin.jpg 500w, https:\/\/ulqini-online.com\/sajti\/wp-content\/uploads\/2016\/08\/nxenesit-fillestar-ulqin-300x180.jpg 300w\" sizes=\"auto, (max-width: 500px) 100vw, 500px\" \/><\/a>Gjek\u00eb Gjonaj<\/strong><\/p>\n<p>Sot\u00a0 t\u00eb gjitha institucionet e arsimit parashkollor, fillor dhe t\u00eb mes\u00ebm, sikurse t\u00eb gjitha institucionet simotra n\u00eb Malin e Zi ,\u00a0 n\u00eb Komun\u00ebn e Ulqinit kan\u00eb \u00e7elur dyert e tyre p\u00ebr t\u00eb nisur\u00a0 vitin e ri shkollor 2016\/2017 . Drejtuesit e k\u00ebtyre institucioneve koh\u00ebn e pushimeve verore e\u00a0 shfryt\u00ebzuan\u00a0\u00a0 p\u00ebr p\u00ebrgatitjet e fundit t\u00eb t\u00eb gjitha objekteve arsimore. Sipas tyre \u00e7do gj\u00eb \u00ebsht\u00eb gati\u00a0 p\u00ebr nj\u00eb fillim\u00a0\u00a0 t\u00eb mbar\u00eb t\u00eb\u00a0 k\u00ebtij viti shkollor dhe se ky vit starton me kushte m\u00eb t\u00eb mira p\u00ebr nx\u00ebn\u00ebsit e shkollave. Shumica e investimeve t\u00eb realizuara n\u00eb shkollat e k\u00ebtushme\u00a0 jan\u00eb b\u00ebr\u00eb nga buxheti republikan, por edhe nga donacione tjera.<\/p>\n<p>Ky vit,\u00a0 i cili sh\u00ebnon nj\u00eb fillim tjet\u00ebr t\u00eb ri n\u00eb rrug\u00ebtimin e shkollar\u00ebve t\u00eb rinj drejt dituris\u00eb dhe nd\u00ebrtimit t\u00eb nj\u00eb t\u00eb ardhmeje t\u00eb sigurt dhe t\u00eb bukur,\u00a0 do t\u00eb jet\u00eb i ve\u00e7ant\u00eb\u00a0 ve\u00e7mas p\u00ebr afro 250\u00a0 vog\u00eblush\u00eb q\u00eb ulen p\u00ebr her\u00eb t\u00eb par\u00eb n\u00eb bankat e shkoll\u00ebs q\u00eb nis\u00ebn gar\u00ebn e dijes.\u00a0 Ata me fytyra t\u00eb ndrojtura do t\u00eb rrin\u00eb n\u00eb heshtje, ashtu t\u00eb kapur dor\u00eb p\u00ebr dore me prind\u00ebrit apo me gjysh\u00ebrit. Dhe pas pak minutash\u00a0 \u00e7do gj\u00eb do t\u00eb ndryshoj\u00eb. Ata do t\u00eb shk\u00ebputen pa u ndjer\u00eb nga kjo lidhje dhe do t\u00eb vrapojn\u00eb\u00a0 drejt tavolin\u00ebs ku, p\u00ebr secilin prej tyre, do t\u2019u shp\u00ebrndahen falas\u00a0\u00a0 tekstet shkollore. Syt\u00eb e tyre do t\u00eb fillojn\u00eb t\u00eb shk\u00eblqejn\u00eb nga g\u00ebzimi dhe me kuriozitet do t\u00eb\u00a0 shfletojn\u00eb faqet e para. P\u00ebr dik\u00eb do t\u00eb jen\u00eb t\u00eb njohura ato shkronja, p\u00ebr dik\u00eb tjet\u00ebr ndoshta aspak.\u00a0 P\u00ebr ata kjo \u00ebsht\u00eb nj\u00eb jet\u00eb t\u00eb re, jeta shkollore n\u00eb klas\u00ebn e par\u00eb\u00a0 me garancin\u00eb se rruga e dijes do t\u00eb jet\u00eb e sigurt, do t\u00eb jet\u00eb \u00e7do dit\u00eb e m\u00eb shum\u00eb e p\u00ebrafruar me at\u00eb\u00a0 t\u00eb bashk\u00ebmoshatar\u00ebve t\u00eb tyre n\u00eb \u00e7do vend t\u00eb p\u00ebrparuar t\u00eb bot\u00ebs.<\/p>\n<p>Qindra nx\u00ebn\u00ebs ( djem\u00eb e vajza)\u00a0 t\u00eb tjer\u00eb do t\u00eb\u00a0\u00a0 jen\u00eb n\u00eb kopshte, n\u00eb arsimin baz\u00eb ( fillor) dhe n\u00eb arsimin e mes\u00ebm. E ardhmja\u00a0 \u00ebsht\u00eb pik\u00ebrisht n\u00eb duart e tyre. Ne duhet dhe\u00a0 do t\u00eb jemi gjithmon\u00eb af\u00ebr tyre, q\u00eb s\u00eb bashku t\u00eb realizojm\u00eb synimin p\u00ebr cil\u00ebsi. Ministria e Arsimit duhet t\u00eb krijoj\u00eb mund\u00ebsi t\u00eb reja p\u00ebr p\u00ebrgatitjen e tyre\u00a0 q\u00eb t\u00eb jen\u00eb sa m\u00eb kompetent n\u00eb pun\u00ebn e tyre.<\/p>\n<p>Shumica e librave jan\u00eb bler\u00eb nga prind\u00ebrit dhe\u00a0 sot do t\u2019i ken\u00eb me vete nx\u00ebn\u00ebsit. Kjo \u00ebsht\u00eb arritje e mir\u00eb, sepse marrja e librit nuk \u00ebsht\u00eb vet\u00ebm thjesht\u00eb pajisja e f\u00ebmij\u00ebs me mjetin didaktik dhe me librin, q\u00eb \u00ebsht\u00eb shum\u00eb i r\u00ebnd\u00ebsish\u00ebm p\u00ebr dijen q\u00eb nga ai do t\u00eb marrin, por \u00ebsht\u00eb nj\u00eb p\u00ebrafrim tjet\u00ebr q\u00eb duhet b\u00ebr\u00eb rolit t\u00eb prind\u00ebrit,si nj\u00eb nga tre elementet kryesor t\u00eb zhvillimit\u00a0 t\u00eb arsimit, p\u00ebr t\u00eb kuptuar q\u00eb prind\u00ebri luan nj\u00eb rol shum\u00eb t\u00eb r\u00ebnd\u00ebsish\u00ebm\u00a0 n\u00eb t\u00eb gjith\u00eb procesin e m\u00ebsimdh\u00ebnies dhe edukimit n\u00eb sitemin e arsimit. Dhe duke shkuar n\u00eb shkoll\u00eb, duke\u00a0 u njohur me librat realizojn\u00eb at\u00eb raport q\u00eb hera &#8211; her\u00ebs ndihet i munguar.\u00a0 Shekulli i ri k\u00ebrkon edhe m\u00eb shum\u00eb angazhim dhe p\u00ebrkushtim n\u00eb p\u00ebrgatitjen e\u00a0 nx\u00ebn\u00ebsve.<\/p>\n<p>Lajm i mir\u00eb dhe i g\u00ebzuar p\u00ebr prind\u00ebrit e\u00a0 nx\u00ebn\u00ebsve t\u00eb\u00a0\u00a0\u00a0 klas\u00ebve t\u00eb para\u00a0 k\u00ebt\u00eb vit\u00a0 p\u00ebr her\u00eb t\u00eb par\u00eb vjen nga\u00a0 Komuna e Ulqinit. Ajo ,\u00a0 si\u00e7 ka kumtuar kryetari i saj Nazif Cungu, do t\u00eb financoj\u00eb\u00a0\u00a0 kompletet e librave p\u00ebr\u00a0 t\u00eb gjith\u00eb nx\u00ebn\u00ebsit e klas\u00ebve t\u00eb para\u00a0 me m\u00ebsim n\u00eb gjuh\u00ebn shqipe dhe malazeze. Sipas njoftimit t\u00eb kreut t\u00eb komun\u00ebs ndarja e librave do t\u00eb b\u00ebhet dit\u00ebn e par\u00eb t\u00eb\u00a0 shkoll\u00ebs.<\/p>\n<p>Edhe un\u00eb si ish m\u00ebsimdh\u00ebn\u00ebs ndaj me t\u00eb gjith\u00eb nx\u00ebn\u00ebsit dhe m\u00ebsimdh\u00ebn\u00ebsit e shkollave\u00a0\u00a0 k\u00ebnaq\u00ebsin\u00eb e madhe dhe emocionet e dit\u00ebs s\u00eb par\u00eb t\u00eb shkoll\u00ebs.\u00a0\u00a0 Vit t\u00eb mbar\u00eb shkollor , o ju shkollar\u00eb. Sh\u00ebndet, mbar\u00ebsi, suksese p\u00ebr t\u00eb gjith\u00eb ju\u00a0 dhe familjet e taja! Qoft\u00eb nj\u00eb vit i bukur shkollor!<\/p>\n<p>Nj\u00eb filiozof , emri i t\u00eb cilit nuk po m\u00eb kujtohhet,\u00a0 ka th\u00ebn\u00eb: Nj\u00eb shtet q\u00eb ka nj\u00eb shkoll\u00eb t\u00eb fort\u00eb, pretendon p\u00ebr t\u2019u b\u00ebr\u00eb nj\u00eb shtet i fort\u00eb\u201d T\u00eb m\u00ebsojm\u00eb, pra, q\u00eb t\u00eb\u00a0 b\u00ebjm\u00eb nj\u00eb shkoll\u00eb t\u00eb fort\u00eb,\u00a0 q\u00eb t\u00eb kemi nj\u00eb Atdhe t\u00eb fort\u00eb!<\/p>\n","protected":false},"excerpt":{"rendered":"<p>Gjek\u00eb Gjonaj Sot\u00a0 t\u00eb gjitha institucionet e arsimit parashkollor, fillor dhe t\u00eb mes\u00ebm, sikurse t\u00eb gjitha institucionet simotra n\u00eb Malin e Zi ,\u00a0 n\u00eb Komun\u00ebn e Ulqinit kan\u00eb \u00e7elur dyert e tyre p\u00ebr t\u00eb nisur\u00a0 vitin e ri shkollor 2016\/2017 . Drejtuesit e k\u00ebtyre institucioneve koh\u00ebn e pushimeve verore e\u00a0 shfryt\u00ebzuan\u00a0\u00a0 p\u00ebr p\u00ebrgatitjet e fundit [&hellip;]<\/p>\n","protected":false},"author":1,"featured_media":10469,"comment_status":"open","ping_status":"open","sticky":false,"template":"","format":"standard","meta":{"_seopress_robots_primary_cat":"","_seopress_titles_title":"","_seopress_titles_desc":"","_seopress_robots_index":"","footnotes":""},"categories":[11],"tags":[180],"class_list":["post-10719","post","type-post","status-publish","format-standard","has-post-thumbnail","hentry","category-sociale","tag-gjeke-gjonaj"],"_links":{"self":[{"href":"https:\/\/ulqini-online.com\/sajti\/index.php?rest_route=\/wp\/v2\/posts\/10719","targetHints":{"allow":["GET"]}}],"collection":[{"href":"https:\/\/ulqini-online.com\/sajti\/index.php?rest_route=\/wp\/v2\/posts"}],"about":[{"href":"https:\/\/ulqini-online.com\/sajti\/index.php?rest_route=\/wp\/v2\/types\/post"}],"author":[{"embeddable":true,"href":"https:\/\/ulqini-online.com\/sajti\/index.php?rest_route=\/wp\/v2\/users\/1"}],"replies":[{"embeddable":true,"href":"https:\/\/ulqini-online.com\/sajti\/index.php?rest_route=%2Fwp%2Fv2%2Fcomments&post=10719"}],"version-history":[{"count":1,"href":"https:\/\/ulqini-online.com\/sajti\/index.php?rest_route=\/wp\/v2\/posts\/10719\/revisions"}],"predecessor-version":[{"id":10720,"href":"https:\/\/ulqini-online.com\/sajti\/index.php?rest_route=\/wp\/v2\/posts\/10719\/revisions\/10720"}],"wp:featuredmedia":[{"embeddable":true,"href":"https:\/\/ulqini-online.com\/sajti\/index.php?rest_route=\/wp\/v2\/media\/10469"}],"wp:attachment":[{"href":"https:\/\/ulqini-online.com\/sajti\/index.php?rest_route=%2Fwp%2Fv2%2Fmedia&parent=10719"}],"wp:term":[{"taxonomy":"category","embeddable":true,"href":"https:\/\/ulqini-online.com\/sajti\/index.php?rest_route=%2Fwp%2Fv2%2Fcategories&post=10719"},{"taxonomy":"post_tag","embeddable":true,"href":"https:\/\/ulqini-online.com\/sajti\/index.php?rest_route=%2Fwp%2Fv2%2Ftags&post=10719"}],"curies":[{"name":"wp","href":"https:\/\/api.w.org\/{rel}","templated":true}]}}