{"id":10715,"date":"2016-09-01T11:57:59","date_gmt":"2016-09-01T09:57:59","guid":{"rendered":"http:\/\/ulqini-online.com\/sajti\/?p=10715"},"modified":"2016-09-01T11:59:41","modified_gmt":"2016-09-01T09:59:41","slug":"shenjterimi-i-nene-terezes-eshte-ngjarje-e-vecante-e-gjithe-botes-interviste-me-arqipeshkvin-e-ri-te-tivarit-rrok-gjonlleshaj","status":"publish","type":"post","link":"https:\/\/ulqini-online.com\/sajti\/?p=10715","title":{"rendered":"Shenjt\u00ebrimi i N\u00ebn\u00eb Terez\u00ebs \u00ebsht\u00eb ngjarje e ve\u00e7ant\u00eb e gjith\u00eb bot\u00ebs &#8211; Intervist\u00eb me Arqipeshkvin e ri t\u00eb Tivarit Rrok Gjonlleshaj"},"content":{"rendered":"<p><strong><a href=\"https:\/\/ulqini-online.com\/sajti\/wp-content\/uploads\/2016\/04\/rrok-gjonlleshaj-meshtar-i-tivarit.jpg\"><img loading=\"lazy\" decoding=\"async\" class=\"aligncenter wp-image-8481 \" src=\"https:\/\/ulqini-online.com\/sajti\/wp-content\/uploads\/2016\/04\/rrok-gjonlleshaj-meshtar-i-tivarit.jpg\" alt=\"rrok-gjonlleshaj-meshtar-i-tivarit\" width=\"471\" height=\"341\" srcset=\"https:\/\/ulqini-online.com\/sajti\/wp-content\/uploads\/2016\/04\/rrok-gjonlleshaj-meshtar-i-tivarit.jpg 356w, https:\/\/ulqini-online.com\/sajti\/wp-content\/uploads\/2016\/04\/rrok-gjonlleshaj-meshtar-i-tivarit-300x217.jpg 300w\" sizes=\"auto, (max-width: 471px) 100vw, 471px\" \/><\/a>Gjek\u00eb Gjonaj<\/strong><\/p>\n<p><strong>Papa Fran\u00e7esku m\u00eb 5 prill 2016 Ju ka em\u00ebruar arqipeshk\u00ebv n\u00eb Arqipeshkvin\u00eb e Tivarit. Pas nj\u00eb kohe t\u00eb gjat\u00eb pune n\u00eb Kosov\u00eb n\u00eb \u00e7far\u00eb m\u00ebnyre e p\u00ebrjetuat em\u00ebrimin Tuaj\u00a0 p\u00ebr arqipeshk\u00ebv t\u00eb Tivarit, nga prij\u00ebsi i Kish\u00ebs Katolike t\u00eb Vatikanit?<\/strong><\/p>\n<p><strong>Rr. Gjonlleshaj:<\/strong> Po, m\u00eb 5 prill 2016. Ati i shenjt\u00eb, Papa Fran\u00e7esku m\u00eb em\u00ebroi p\u00ebr Argjipeshk\u00ebv n\u00eb Argjipeshkvin\u00eb e Tivarit. P\u00ebr mua, zgjidhja ime ishte e papritur, duke pasur parasysh numrin e madh t\u00eb meshtar\u00ebve shum\u00eb t\u00eb devotsh\u00ebm, si n\u00eb Mal t\u00eb Zi, Shqip\u00ebri dhe Kosov\u00eb. Sa ishte g\u00ebzim, n\u00eb t\u00eb njejt\u00ebn koh\u00eb edhe p\u00ebrgjegj\u00ebsi. Zoti m\u00eb dhuroi hire, andaj edhe pret prej meje angazhim, p\u00ebrgjegj\u00ebsi, sh\u00ebrbim e dashuri. Pasi q\u00eb gjendem n\u00eb Argjipeshk\u00ebvin\u00eb nd\u00ebr m\u00eb t\u00eb vjetrat n\u00eb k\u00ebto troje, e pasi q\u00eb, para vetes kam nje sfid\u00eb t\u00eb re, m\u00eb ndihm\u00ebn e Zotit, p\u00ebr dshuri ndaj Zotit, Kish\u00ebs dhe popullit \u2013 besimtar\u00ebve, do mundohem t\u00eb \u00e7oj para at\u00eb q\u00eb Zoti dhe besimtar\u00ebt presin\u00a0 nga un\u00eb.<\/p>\n<p><strong>Cila ka qen\u00eb rruga Juaj deri n\u00eb Tivar si meshtar?<\/strong><\/p>\n<p><strong>Rr. Gjonlleshaj:<\/strong> Jam\u00a0 lindur n\u00eb Velezh\u00eb (Prizren). Aty e kam kryer shkoll\u00ebn fillore. Gjimnazin Klasik n\u00eb Subotic\u00eb (Vojvodin\u00eb). Studimet Filozofi &#8211; Teologji n\u00eb Rijek\u00eb (Kroaci). M\u00eb 01.08.1987,\u00a0 n\u00eb vendlindje, n\u00eb Velezh\u00eb jam shuguruar meshtar. Dy vite (1987-1989) kam sh\u00ebrbyer n\u00eb Zllakuqan (Klin\u00eb). Tet\u00ebmbdhjet\u00eb vite (1989-2007) kam sh\u00ebrbyer n\u00eb Stub\u00ebll (Viti). Gja viteve 2007-2010 n\u00eb Bishtazhin (Gjakov\u00eb).\u00a0 N\u00eb periudh\u00ebn 2011-2016 n\u00eb Prishtin\u00eb. P\u00ebrpos detyr\u00ebs s\u00eb famullitarit n\u00eb famullit\u00eb e p\u00ebrmendura, kam kryer edhe shum\u00eb detyra t\u00eb tjera n\u00eb Ipeshk\u00ebvi. M\u00eb shum\u00eb se 15 vjet\u00a0 isha Ekonom i Dio\u00e7ez\u00ebs. I angazhuar n\u00eb nd\u00ebrtimin e Katedral\u00ebs n\u00eb Prishtin\u00eb. Dy vite Drejtor i Radio Maria p\u00ebr Kosov\u00eb. Me vite isha Dekan i Dekanatit t\u00eb Prishtin\u00ebs. M\u00eb 14. 05.2016\u00a0 Shugurimi Ipeshk\u00ebvor n\u00eb Katedral\u00ebn \u201cN\u00ebn\u00eb Tereza\u201d n\u00eb Prishtin\u00eb. M\u00eb: 28.05.2016. Intronizimi n\u00eb Konkatedral\u00ebn \u201cSh\u00ebn Pjetri\u201d n\u00eb Tivar.<\/p>\n<p><strong>\u00c7\u2019far\u00eb jan\u00eb p\u00ebrshtypjet Tuaja t\u00eb para p\u00ebr mikpritjen q\u00eb u \u00ebsht\u00eb b\u00ebr\u00eb n\u00eb Mal t\u00eb Zi\u00a0 pas\u00a0 pak muajsh, meq\u00eb vini\u00a0 nga Kosova n\u00eb nj\u00eb mjedis tjet\u00ebr p\u00ebr Ju t\u00eb ri\u00a0 ?<\/strong><\/p>\n<p><strong>Rr. Gjonlleshaj:<\/strong> E v\u00ebrtet\u00eb, vij nga Kosova n\u00eb nj\u00eb mjedis t\u00eb ri. P\u00ebr mua ishte pak i njohur. Mikpritja ka qen\u00eb n\u00eb nivelin e duhur. Intronizimi mir\u00eb i organizuar. Kam marr urime nga p\u00ebrsonalitetet e larta shtet\u00ebrore dhe fetare. Meshtar\u00ebt, Rregulltar\u00ebt\/et, Besimtar\u00eb m\u00eb kan\u00eb pranuar mir\u00eb. Kan\u00eb ofruar gatishm\u00ebrin\u00eb p\u00ebr bashk\u00ebpunim dhe kemi filluar pun\u00ebn.<\/p>\n<p><strong>Arqipeshkvia e Tivarit ka nj\u00eb histori t\u00eb ve\u00e7ant\u00eb dhe t\u00eb lasht\u00eb. Si e gjet\u00ebt at\u00eb pasi e mor\u00ebt detyr\u00ebn\u00a0 e arqipeshkvit\u00a0 t\u00eb k\u00ebsaj arqipeshkvie dhe cili ishte roli i paraardh\u00ebsve Tuaj vendas dhe kosovar\u00a0 q\u00eb sh\u00ebrbyen\u00a0 n\u00eb k\u00ebt\u00eb arqipeshkvi?<\/strong><\/p>\n<p><strong>Rr. Gjonlleshaj:<\/strong> Argjipeshkvia e Tivarit, fal pun\u00ebs dhe angazhimit t\u00eb paraardh\u00ebsve t\u00eb mij, meshtar\u00ebve dhe besimtar\u00ebve ka histori t\u00eb lasht\u00eb dhe shum\u00eb t\u00eb pasur. Gjendjen, mbrenda p\u00ebr mbrenda e gjeta shum\u00eb n\u00eb rregull. \u00c7do gj\u00eb funksiononte. M\u00eb koh\u00eb jan\u00eb p\u00ebrciell t\u00eb gjitha ngjarjet. Ka shum\u00eb relacione. Kjo gjendje m\u00eb detyron edhe mua n\u00eb angazhim edhe m\u00eb t\u00eb madh<\/p>\n<p><strong>Si \u00ebsht\u00eb e organizuar sot jeta e Kish\u00ebs Katolike\u00a0 nd\u00ebr shqiptar\u00eb dhe si e vler\u00ebsoni pun\u00ebn e saj?<\/strong><\/p>\n<p><strong>Rr. Gjonlleshaj:<\/strong> Kisha Katolike nd\u00ebr shqiptar\u00eb \u00ebsht\u00eb\u00a0 e organizuar mjaft mir\u00eb . Nuk \u00ebsht\u00eb gjith\u00e7ka p\u00ebrfekt.\u00a0 Gjithmon\u00eb mund t\u00eb jet\u00eb edhe m\u00eb mir\u00eb. P\u00ebrher\u00eb\u00a0 ka n\u00ebvoj\u00eb p\u00ebr angazhime t\u00eb reja. M\u00ebgjithat\u00eb, Kisha Katolike, \u00ebsht\u00eb munduar dhe angazhohet besimtar\u00ebt e vet\u00eb t\u2019i p\u00ebrciell n\u00eb \u00e7do hap, jo vet\u00ebm k\u00ebta q\u00eb i kemi mbrenda p\u00ebr mbrenda ipeshk\u00ebvive, por edhe ata q\u00eb i kemi n\u00eb diaspor\u00eb. N\u00ebp\u00ebr vende t\u00eb ndryshme t\u00eb bot\u00ebs, jan\u00eb t\u00eb hapura, dhe shum\u00eb mir\u00eb po funksionojn\u00eb Mision\u00ebt Katolik Shqitar\u00eb<\/p>\n<p><strong>Edhe n\u00eb Tivar sikurse\u00a0 n\u00eb t\u00eb gjitha trevat e banuara me popullat\u00eb shqiptare n\u00eb Malin e Zi \u00ebsht\u00eb n\u00ebnvizuar harmonia fetare e besimeve t\u00eb ndryshme.\u00a0 N\u00eb \u00e7\u2019m\u00ebnyr\u00eb do t\u2019ish\u00ebrbeni k\u00ebsaj klime?<\/strong><\/p>\n<p><strong>Rr. Gjonlleshaj:<\/strong> M\u00eb rastin e intronizimit tim, kam theksuar gatishm\u00ebrin\u00eb time p\u00ebr bashk\u00ebpunim, p\u00ebr t\u00eb mir\u00ebn e shpirtrave. Dallimet nuk e rrezikojn\u00eb k\u00ebt\u00eb shtet, p\u00ebrkund\u00ebr e pasurojn\u00eb. Harmonia fetare, neve prijs\u00ebve fetar\u00eb na obligon p\u00ebr bashkpunim dhe angazhim, p\u00ebr ta ruajtur k\u00ebt\u00eb klim\u00eb t\u00eb sh\u00ebndosh\u00eb.<\/p>\n<p><strong>Ka koh\u00eb q\u00eb\u00a0 nga paraardh\u00ebsi Juaj monsinjor Zef Gashi\u00a0 ka filluar nd\u00ebrtimi i Katedrales s\u00eb\u00a0 Tivarit. Kur mund t\u00eb pritet t\u00eb kuror\u00ebzohet kjo \u00ebnd\u00ebrr e Juaja dhe e jona e k\u00ebtij monumenti jo vet\u00ebm kulti, por edhe kulture?<\/strong><\/p>\n<p><strong>Rr. Gjonlleshaj:<\/strong> N\u00eb vitin 2010 ka filluar nd\u00ebrtimi i Konkatedrales n\u00eb Tivar. Jan\u00eb kryer shum\u00eb pun\u00eb. Ka edhe m\u00eb p\u00ebr t\u2019u kryer. Synimi im \u00ebsht\u00eb, m\u00eb ndihm\u00ebn e Zotit dhe m\u00eb kontributin e b\u00ebmir\u00ebsave, ta p\u00ebrfundoj dhe ta shuguroj n\u00eb fest\u00ebn e sh\u00ebn Pjetrit 2017.<\/p>\n<p><strong>Pjesa m\u00eb e madhe e\u00a0 shqiptar\u00ebve n\u00eb Komun\u00ebn e Tivarit p\u00ebr fatin ton\u00eb t\u00eb keq jan\u00eb asimiluar dhe nuk e p\u00ebrdorin si gjuh\u00eb komnikuese p\u00ebrve\u00e7se ndoshta n\u00eb sht\u00ebpi gjuh\u00ebn e t\u00eb par\u00ebve t\u00eb tyre. P\u00ebr k\u00ebt\u00eb arsye\u00a0 si\u00e7 e dini\u00a0 mesha k\u00ebtu me vite celebrohet n\u00eb gjuh\u00ebn\u00a0 jo amtare. A jeni optimist\u00a0 se gjat\u00eb sh\u00ebrbimit Tuaj n\u00eb k\u00ebt\u00eb arqipeshkvi do t\u00eb b\u00ebni at\u00eb q\u00eb nuk b\u00ebri asnj\u00ebri prej paraardh\u00ebsve Tuaj, q\u00eb mesha e shenjt\u00eb t\u00eb thuhet edhe n\u00eb gjuh\u00ebn shqipe?<\/strong><\/p>\n<p><strong>Rr. Gjonlleshaj:<\/strong> M\u00eb Koncilin e II t\u00eb Vatikanit, kjo \u00e7\u00ebshtje \u00ebsht\u00eb rregulluar. Parasheh q\u00eb, Liturgjia t\u00eb kryhet n\u00eb gjuh\u00ebn t\u00eb cil\u00ebn populli ka, e kupton. Nuk mendoj se duhet t\u00eb ngutem. Duhet ta studjoj situat\u00ebn. N\u00ebse \u00ebsht\u00eb e nevojsh\u00ebme p\u00ebr t\u00eb filluar, do e filloj. Gjithmon\u00eb, n\u00ebse \u00ebsht\u00eb e nevojshme, pa l\u00ebnduar ask\u00ebnd, mund t\u00eb filloi di\u00e7ka t\u00eb re.<\/p>\n<p><strong>A mendoni se rinis\u00eb s\u00eb sotme i mungon m\u00eb tep\u00ebr se \u00e7do gj\u00eb besimi tek Zoti?<\/strong><\/p>\n<p><strong>Rr. Gjonlleshaj:<\/strong> Jo nuk mendoj se i mungon besimi n\u00eb Zot. Ata besojn\u00eb, por ndoshta ende nuk kan\u00eb arrit\u00eb ta njohin Zotin Dashuri, t\u00eb m\u00ebshirsh\u00ebm, t\u00eb gatsh\u00ebm p\u00ebr t\u2019i p\u00ebrqafuar. P\u00ebr t\u00eb njohur Zotin, dhe p\u00ebr t\u00eb shtuar besimin duhet t\u2019iu ndihmojn\u00eb Familja-prid\u00ebrit dhe Kisha-meshtar\u00ebt<\/p>\n<p><strong>\u00c7\u2019far\u00eb mund\u00ebsish\u00a0 u ofron t\u00eb rinjve Kisha Katolike n\u00eb Mal\u00a0 t\u00eb Zi?<\/strong><\/p>\n<p><strong>Rr. Gjonlleshaj:<\/strong> Jam n\u00eb dieni se ka nj\u00eb s\u00ebr\u00eb\u00a0 aktivitetesh p\u00ebr t\u00eb rinjt\u00eb n\u00eb Mal t\u00eb Zi. Prind\u00ebrit dhe t\u00eb rinjt\u00eb duhet t\u00eb interesohen p\u00ebr k\u00ebto aktivitete dhe t\u00eb b\u00ebh\u00ebn pjes\u00eb e tyre. Un\u00eb p\u00ebrsonalisht do t\u00eb mundoh\u00ebm, n\u00eb m\u00ebnyr\u00eb t\u00eb ve\u00e7ant\u00eb t\u00eb angazhohem<\/p>\n<p><strong>N\u00eb Mal t\u00eb Zi,\u00a0 p\u00ebrve\u00e7 Arqipeshkvis\u00eb s\u00eb Tivarit, ekzistojn\u00eb edhe\u00a0\u00a0\u00a0\u00a0\u00a0 institucione tjera fetare. A do\u00a0 t\u00eb\u00a0 bashk\u00ebpunoni me k\u00ebto institucione n\u00eb drejtim t\u00eb forcimit t\u00eb mir\u00ebkuptimit t\u00eb qytetar\u00ebve t\u00eb besimeve t\u00eb ndryshme fetare ?<\/strong><\/p>\n<p><strong>Rr. Gjonlleshaj:\u00a0<\/strong> M\u00eb par\u00eb e kam th\u00ebn\u00eb se un\u00eb jam i gatsh\u00ebm p\u00ebr pashk\u00ebpunim m\u00eb bashk\u00ebsit\u00eb tjera fetare. Besoj edhe n\u00eb gatishm\u00ebrin\u00eb e lider\u00ebve t\u00eb besimeve t\u00eb tjera. Bashk\u00ebpunimi yn\u00eb, patjet\u00ebr duhet t\u00eb egzistoj\u00eb, si shembull konkret p\u00ebr besimtar\u00ebt e besimeve t\u00eb ndryshme (besimtar\u00ebve tan\u00eb).<\/p>\n<p><strong>Jemi n\u00eb prag t\u00eb shenjt\u00ebrimit t\u00eb fam\u00ebmadhes N\u00ebn\u00eb Terez\u00ebs. Si do t\u00eb evokohet kjo ngjarje e r\u00ebnd\u00ebsishme e historis\u00eb son\u00eb komb\u00ebtare?<\/strong><\/p>\n<p><strong>Rr. Gjonlleshaj:<\/strong>P\u00ebr gjith\u00eb bot\u00ebn, e n\u00eb ve\u00e7anti p\u00ebr popullin ton\u00eb, Shenjt\u00ebrimi i N\u00ebn\u00eb Terez\u00ebs, m\u00eb 4 shtator n\u00eb Vatikan \u00ebsht\u00eb ngjarje e jashtzakonshme dhe m\u00eb pesh\u00eb t\u00eb ve\u00e7ant\u00eb. Kisha \u00ebsht\u00eb organizuar. Aktivitet jan\u00eb zhvilluar dhe po zhvillohen gjat\u00eb gjith\u00eb vitit. Ky vit, \u00ebsht\u00eb viti i N\u00ebn\u00eb Terez\u00ebs. M\u00eb 3 shtator, n\u00eb Bazilik\u00ebn e sh\u00ebn Palit n\u00eb Rom\u00eb, \u00ebsht\u00eb organizuar Koncerti m\u00eb Hymnin e N\u00ebn\u00eb Terez\u00ebs, ku do t\u00eb marrin pjes\u00eb personalitete t\u00eb larta t\u00eb artit e t\u00eb kultur\u00ebs.<\/p>\n","protected":false},"excerpt":{"rendered":"<p>Gjek\u00eb Gjonaj Papa Fran\u00e7esku m\u00eb 5 prill 2016 Ju ka em\u00ebruar arqipeshk\u00ebv n\u00eb Arqipeshkvin\u00eb e Tivarit. Pas nj\u00eb kohe t\u00eb gjat\u00eb pune n\u00eb Kosov\u00eb n\u00eb \u00e7far\u00eb m\u00ebnyre e p\u00ebrjetuat em\u00ebrimin Tuaj\u00a0 p\u00ebr arqipeshk\u00ebv t\u00eb Tivarit, nga prij\u00ebsi i Kish\u00ebs Katolike t\u00eb Vatikanit? Rr. Gjonlleshaj: Po, m\u00eb 5 prill 2016. Ati i shenjt\u00eb, Papa Fran\u00e7esku m\u00eb [&hellip;]<\/p>\n","protected":false},"author":1,"featured_media":8481,"comment_status":"open","ping_status":"open","sticky":false,"template":"","format":"standard","meta":{"_seopress_robots_primary_cat":"","_seopress_titles_title":"","_seopress_titles_desc":"","_seopress_robots_index":"","footnotes":""},"categories":[2,12],"tags":[235,196,236],"class_list":["post-10715","post","type-post","status-publish","format-standard","has-post-thumbnail","hentry","category-aktualitet","category-opinione","tag-rrok-gjonlleshaj","tag-tivar","tag-zef-gashi"],"_links":{"self":[{"href":"https:\/\/ulqini-online.com\/sajti\/index.php?rest_route=\/wp\/v2\/posts\/10715","targetHints":{"allow":["GET"]}}],"collection":[{"href":"https:\/\/ulqini-online.com\/sajti\/index.php?rest_route=\/wp\/v2\/posts"}],"about":[{"href":"https:\/\/ulqini-online.com\/sajti\/index.php?rest_route=\/wp\/v2\/types\/post"}],"author":[{"embeddable":true,"href":"https:\/\/ulqini-online.com\/sajti\/index.php?rest_route=\/wp\/v2\/users\/1"}],"replies":[{"embeddable":true,"href":"https:\/\/ulqini-online.com\/sajti\/index.php?rest_route=%2Fwp%2Fv2%2Fcomments&post=10715"}],"version-history":[{"count":3,"href":"https:\/\/ulqini-online.com\/sajti\/index.php?rest_route=\/wp\/v2\/posts\/10715\/revisions"}],"predecessor-version":[{"id":10718,"href":"https:\/\/ulqini-online.com\/sajti\/index.php?rest_route=\/wp\/v2\/posts\/10715\/revisions\/10718"}],"wp:featuredmedia":[{"embeddable":true,"href":"https:\/\/ulqini-online.com\/sajti\/index.php?rest_route=\/wp\/v2\/media\/8481"}],"wp:attachment":[{"href":"https:\/\/ulqini-online.com\/sajti\/index.php?rest_route=%2Fwp%2Fv2%2Fmedia&parent=10715"}],"wp:term":[{"taxonomy":"category","embeddable":true,"href":"https:\/\/ulqini-online.com\/sajti\/index.php?rest_route=%2Fwp%2Fv2%2Fcategories&post=10715"},{"taxonomy":"post_tag","embeddable":true,"href":"https:\/\/ulqini-online.com\/sajti\/index.php?rest_route=%2Fwp%2Fv2%2Ftags&post=10715"}],"curies":[{"name":"wp","href":"https:\/\/api.w.org\/{rel}","templated":true}]}}