{"id":10601,"date":"2016-08-27T12:04:16","date_gmt":"2016-08-27T10:04:16","guid":{"rendered":"http:\/\/ulqini-online.com\/sajti\/?p=10601"},"modified":"2016-08-27T12:04:16","modified_gmt":"2016-08-27T10:04:16","slug":"numer-i-madh-mysafireve-ne-ulqin-ja-te-dhenat-zyrtare","status":"publish","type":"post","link":"https:\/\/ulqini-online.com\/sajti\/?p=10601","title":{"rendered":"Num\u00ebr i madh mysafir\u00ebve n\u00eb Ulqin, ja t\u00eb dh\u00ebnat zyrtare"},"content":{"rendered":"<p><a href=\"https:\/\/ulqini-online.com\/sajti\/wp-content\/uploads\/2015\/07\/Plazhi-vogel.jpg\"><img loading=\"lazy\" decoding=\"async\" class=\"aligncenter wp-image-4740 size-full\" src=\"https:\/\/ulqini-online.com\/sajti\/wp-content\/uploads\/2015\/07\/Plazhi-vogel.jpg\" alt=\"Plazhi-vogel\" width=\"601\" height=\"400\" srcset=\"https:\/\/ulqini-online.com\/sajti\/wp-content\/uploads\/2015\/07\/Plazhi-vogel.jpg 601w, https:\/\/ulqini-online.com\/sajti\/wp-content\/uploads\/2015\/07\/Plazhi-vogel-300x200.jpg 300w\" sizes=\"auto, (max-width: 601px) 100vw, 601px\" \/><\/a>Dhjet\u00eb dit\u00ebt e fundit t\u00eb muajit gusht mund t\u00eb karakterizohen si mjaft t\u00eb mira sa i p\u00ebrket numrit t\u00eb mysafir\u00ebve q\u00eb jan\u00eb duke pushuar n\u00eb qytetin e Ulqinit.<\/p>\n<p>Plazhet e stermbushura dhe rrug\u00ebt me fluks t\u00eb madh t\u00eb automjeteve sidomos gjat\u00eb paradrekave dhe pasdrekave tregojn\u00eb se sezoni turistik jo q\u00eb nuk ka p\u00ebrfunduar por po kalon ndoshta dit\u00ebt m\u00eb t\u00eb mira t\u00eb tij.<\/p>\n<p>Sipas t\u00eb dh\u00ebnave zyrtare q\u00eb vine nga Organizata turistike e Ulqinit m\u00ebsohet se k\u00ebto dit\u00eb n\u00eb Ulqin jan\u00eb duke pushuar gjithsej 11.480 veta. Duhet th\u00ebn\u00eb se ky num\u00ebr nuk \u00ebsht\u00eb as p\u00ebr s\u00eb af\u00ebrmi realitetit.<\/p>\n<p>N\u00eb tabelen e m\u00ebposhtme keni numrin e sakte t\u00eb t\u00eb dh\u00ebnave zyrtare nga OT e Ulqinit.<\/p>\n<p>T\u00eb dh\u00ebnat e dat\u00ebs 26.08.2016.<\/p>\n<table width=\"623\">\n<tbody>\n<tr>\n<td width=\"125\">LLOJI<\/p>\n<p>AKOMODIMIT<\/td>\n<td width=\"125\">T\u00cb VENDIT<\/td>\n<td width=\"125\">T\u00cb HUAJ<\/td>\n<td width=\"125\">GJITHSE<\/td>\n<td width=\"125\">\u00a0\u00a0\u00a0 INDEX<\/p>\n<p>16\/15<\/td>\n<\/tr>\n<tr>\n<td width=\"125\">\u00a0\u00a0 HOTELE<\/td>\n<td width=\"125\">279<\/td>\n<td width=\"125\">2.531<\/td>\n<td width=\"125\">2.810<\/td>\n<td width=\"125\">111<\/td>\n<\/tr>\n<tr>\n<td width=\"125\">KAMPE<\/td>\n<td width=\"125\">11<\/td>\n<td width=\"125\">246<\/td>\n<td width=\"125\">257<\/td>\n<td width=\"125\">132<\/td>\n<\/tr>\n<tr>\n<td width=\"125\">PUSHIMORE<\/td>\n<td width=\"125\">\/<\/td>\n<td width=\"125\">40<\/td>\n<td width=\"125\">40<\/td>\n<td width=\"125\">105<\/td>\n<\/tr>\n<tr>\n<td width=\"125\">AKOMODIMI PRIVAT<\/td>\n<td width=\"125\">201<\/td>\n<td width=\"125\">8.172<\/td>\n<td width=\"125\">8.373<\/td>\n<td width=\"125\">134<\/td>\n<\/tr>\n<tr>\n<td width=\"125\">\u00a0 GJITHSEJ<\/td>\n<td width=\"125\">491<\/td>\n<td width=\"125\">10.989<\/td>\n<td width=\"125\">11.480<\/td>\n<td width=\"125\">127<\/td>\n<\/tr>\n<\/tbody>\n<\/table>\n","protected":false},"excerpt":{"rendered":"<p>Dhjet\u00eb dit\u00ebt e fundit t\u00eb muajit gusht mund t\u00eb karakterizohen si mjaft t\u00eb mira sa i p\u00ebrket numrit t\u00eb mysafir\u00ebve q\u00eb jan\u00eb duke pushuar n\u00eb qytetin e Ulqinit. Plazhet e stermbushura dhe rrug\u00ebt me fluks t\u00eb madh t\u00eb automjeteve sidomos gjat\u00eb paradrekave dhe pasdrekave tregojn\u00eb se sezoni turistik jo q\u00eb nuk ka p\u00ebrfunduar por po [&hellip;]<\/p>\n","protected":false},"author":1,"featured_media":4740,"comment_status":"open","ping_status":"open","sticky":false,"template":"","format":"standard","meta":{"_seopress_robots_primary_cat":"","_seopress_titles_title":"","_seopress_titles_desc":"","_seopress_robots_index":"","footnotes":""},"categories":[2,9],"tags":[83],"class_list":["post-10601","post","type-post","status-publish","format-standard","has-post-thumbnail","hentry","category-aktualitet","category-turizem","tag-organizata-turistike-e-ulqinit"],"_links":{"self":[{"href":"https:\/\/ulqini-online.com\/sajti\/index.php?rest_route=\/wp\/v2\/posts\/10601","targetHints":{"allow":["GET"]}}],"collection":[{"href":"https:\/\/ulqini-online.com\/sajti\/index.php?rest_route=\/wp\/v2\/posts"}],"about":[{"href":"https:\/\/ulqini-online.com\/sajti\/index.php?rest_route=\/wp\/v2\/types\/post"}],"author":[{"embeddable":true,"href":"https:\/\/ulqini-online.com\/sajti\/index.php?rest_route=\/wp\/v2\/users\/1"}],"replies":[{"embeddable":true,"href":"https:\/\/ulqini-online.com\/sajti\/index.php?rest_route=%2Fwp%2Fv2%2Fcomments&post=10601"}],"version-history":[{"count":1,"href":"https:\/\/ulqini-online.com\/sajti\/index.php?rest_route=\/wp\/v2\/posts\/10601\/revisions"}],"predecessor-version":[{"id":10602,"href":"https:\/\/ulqini-online.com\/sajti\/index.php?rest_route=\/wp\/v2\/posts\/10601\/revisions\/10602"}],"wp:featuredmedia":[{"embeddable":true,"href":"https:\/\/ulqini-online.com\/sajti\/index.php?rest_route=\/wp\/v2\/media\/4740"}],"wp:attachment":[{"href":"https:\/\/ulqini-online.com\/sajti\/index.php?rest_route=%2Fwp%2Fv2%2Fmedia&parent=10601"}],"wp:term":[{"taxonomy":"category","embeddable":true,"href":"https:\/\/ulqini-online.com\/sajti\/index.php?rest_route=%2Fwp%2Fv2%2Fcategories&post=10601"},{"taxonomy":"post_tag","embeddable":true,"href":"https:\/\/ulqini-online.com\/sajti\/index.php?rest_route=%2Fwp%2Fv2%2Ftags&post=10601"}],"curies":[{"name":"wp","href":"https:\/\/api.w.org\/{rel}","templated":true}]}}