{"id":10562,"date":"2016-08-25T12:56:30","date_gmt":"2016-08-25T10:56:30","guid":{"rendered":"http:\/\/ulqini-online.com\/sajti\/?p=10562"},"modified":"2016-08-25T12:56:30","modified_gmt":"2016-08-25T10:56:30","slug":"cungu-priti-drejtorin-e-qendres-kulturore-turske-xhihan-ozdemir-me-bashkepunetore","status":"publish","type":"post","link":"https:\/\/ulqini-online.com\/sajti\/?p=10562","title":{"rendered":"Cungu priti drejtorin e Qendr\u00ebs Kulturore Turske Xhihan Ozdemir me bashk\u00ebpun\u00ebtor\u00eb"},"content":{"rendered":"<p><a href=\"https:\/\/ulqini-online.com\/sajti\/wp-content\/uploads\/2016\/08\/cungu-xhihan-ozdemir.jpg\"><img loading=\"lazy\" decoding=\"async\" class=\"size-medium wp-image-10563 alignleft\" src=\"https:\/\/ulqini-online.com\/sajti\/wp-content\/uploads\/2016\/08\/cungu-xhihan-ozdemir-300x199.jpg\" alt=\"cungu-xhihan-ozdemir\" width=\"300\" height=\"199\" srcset=\"https:\/\/ulqini-online.com\/sajti\/wp-content\/uploads\/2016\/08\/cungu-xhihan-ozdemir-300x199.jpg 300w, https:\/\/ulqini-online.com\/sajti\/wp-content\/uploads\/2016\/08\/cungu-xhihan-ozdemir.jpg 528w\" sizes=\"auto, (max-width: 300px) 100vw, 300px\" \/><\/a>Kryetari i Komun\u00ebs s\u00eb Ulqini Nazif Cungu pritin n\u00eb kabinetin e tij drejtorin e Qendr\u00ebs Kulturore Turke Xhihan Ozdemir me bashk\u00ebpun\u00ebtor\u00eb.<\/p>\n<p>Mysafir\u00ebt nga Turqia e njoftuan kryetarin Cungu p\u00ebr aktivitetet e Qendr\u00ebs Kulturore Turke n\u00eb Mal t\u00eb Zi, e cila ka p\u00ebr q\u00ebllim promovimin e kultur\u00ebs, artit dhe trash\u00ebgimis\u00eb t\u00eb k\u00ebtij shteti n\u00eb rajon, m\u00ebsohet nga kabineti i kryetarit t\u00eb Komun\u00ebs s\u00eb Ulqinit.<\/p>\n<p>Kryetari Cungu ve\u00e7oi bashk\u00ebpunimin e mir\u00eb t\u00eb Komun\u00ebs s\u00eb Ulqinit me Ambasad\u00ebn Turke n\u00eb Mal t\u00eb Zi dhe Agjencin\u00eb Turke p\u00ebr Bashk\u00ebpunim Nd\u00ebrkomb\u00ebtar dhe Zhvillim \u2013 TIKA, dhe shprehu gatitshm\u00ebri q\u00eb ky bashk\u00ebpunim t\u00eb p\u00ebrfshij\u00eb edhe k\u00ebt\u00eb institucion.<\/p>\n<p>U ra dakord q\u00eb gjat\u00eb vitit t\u00eb ardhsh\u00ebm n\u00eb Ulqin t\u00eb organizohet koncerti i muzik\u00ebs popullore turke, prezantimi i folklorit si dhe java e filmit turk.<\/p>\n","protected":false},"excerpt":{"rendered":"<p>Kryetari i Komun\u00ebs s\u00eb Ulqini Nazif Cungu pritin n\u00eb kabinetin e tij drejtorin e Qendr\u00ebs Kulturore Turke Xhihan Ozdemir me bashk\u00ebpun\u00ebtor\u00eb. Mysafir\u00ebt nga Turqia e njoftuan kryetarin Cungu p\u00ebr aktivitetet e Qendr\u00ebs Kulturore Turke n\u00eb Mal t\u00eb Zi, e cila ka p\u00ebr q\u00ebllim promovimin e kultur\u00ebs, artit dhe trash\u00ebgimis\u00eb t\u00eb k\u00ebtij shteti n\u00eb rajon, m\u00ebsohet [&hellip;]<\/p>\n","protected":false},"author":1,"featured_media":10563,"comment_status":"open","ping_status":"open","sticky":false,"template":"","format":"standard","meta":{"_seopress_robots_primary_cat":"","_seopress_titles_title":"","_seopress_titles_desc":"","_seopress_robots_index":"","footnotes":""},"categories":[6],"tags":[195,79,47],"class_list":["post-10562","post","type-post","status-publish","format-standard","has-post-thumbnail","hentry","category-kulture","tag-agjencia-tika","tag-komuna-e-ulqinit","tag-nazif-cungu"],"_links":{"self":[{"href":"https:\/\/ulqini-online.com\/sajti\/index.php?rest_route=\/wp\/v2\/posts\/10562","targetHints":{"allow":["GET"]}}],"collection":[{"href":"https:\/\/ulqini-online.com\/sajti\/index.php?rest_route=\/wp\/v2\/posts"}],"about":[{"href":"https:\/\/ulqini-online.com\/sajti\/index.php?rest_route=\/wp\/v2\/types\/post"}],"author":[{"embeddable":true,"href":"https:\/\/ulqini-online.com\/sajti\/index.php?rest_route=\/wp\/v2\/users\/1"}],"replies":[{"embeddable":true,"href":"https:\/\/ulqini-online.com\/sajti\/index.php?rest_route=%2Fwp%2Fv2%2Fcomments&post=10562"}],"version-history":[{"count":1,"href":"https:\/\/ulqini-online.com\/sajti\/index.php?rest_route=\/wp\/v2\/posts\/10562\/revisions"}],"predecessor-version":[{"id":10564,"href":"https:\/\/ulqini-online.com\/sajti\/index.php?rest_route=\/wp\/v2\/posts\/10562\/revisions\/10564"}],"wp:featuredmedia":[{"embeddable":true,"href":"https:\/\/ulqini-online.com\/sajti\/index.php?rest_route=\/wp\/v2\/media\/10563"}],"wp:attachment":[{"href":"https:\/\/ulqini-online.com\/sajti\/index.php?rest_route=%2Fwp%2Fv2%2Fmedia&parent=10562"}],"wp:term":[{"taxonomy":"category","embeddable":true,"href":"https:\/\/ulqini-online.com\/sajti\/index.php?rest_route=%2Fwp%2Fv2%2Fcategories&post=10562"},{"taxonomy":"post_tag","embeddable":true,"href":"https:\/\/ulqini-online.com\/sajti\/index.php?rest_route=%2Fwp%2Fv2%2Ftags&post=10562"}],"curies":[{"name":"wp","href":"https:\/\/api.w.org\/{rel}","templated":true}]}}