{"id":10533,"date":"2016-08-23T16:22:05","date_gmt":"2016-08-23T14:22:05","guid":{"rendered":"http:\/\/ulqini-online.com\/sajti\/?p=10533"},"modified":"2016-08-23T16:23:44","modified_gmt":"2016-08-23T14:23:44","slug":"incizimi-i-filmit-ne-ulqin-lajmerim-per-ndarjen-e-roleve-per-statiste-per-te-gjithe-te-interesuarit","status":"publish","type":"post","link":"https:\/\/ulqini-online.com\/sajti\/?p=10533","title":{"rendered":"In\u00e7izimi i filmit n\u00eb Ulqin, lajm\u00ebrim p\u00ebr ndarjen e roleve p\u00ebr statist\u00eb"},"content":{"rendered":"<p><strong><a href=\"https:\/\/ulqini-online.com\/sajti\/wp-content\/uploads\/2016\/08\/statistat-per-film.jpg\"><img loading=\"lazy\" decoding=\"async\" class=\"size-medium wp-image-10534 alignleft\" src=\"https:\/\/ulqini-online.com\/sajti\/wp-content\/uploads\/2016\/08\/statistat-per-film-300x187.jpg\" alt=\"statistat-per-film\" width=\"300\" height=\"187\" srcset=\"https:\/\/ulqini-online.com\/sajti\/wp-content\/uploads\/2016\/08\/statistat-per-film-300x187.jpg 300w, https:\/\/ulqini-online.com\/sajti\/wp-content\/uploads\/2016\/08\/statistat-per-film.jpg 482w\" sizes=\"auto, (max-width: 300px) 100vw, 300px\" \/><\/a>Lajm\u00ebrim nga kabineti i kryetarit t\u00eb Komun\u00ebs s\u00eb Ulqinit<\/strong><\/p>\n<p>\u201dLajm\u00ebrojm\u00eb qytetar\u00ebt q\u00eb t\u00eb premten gjate dit\u00ebs me 26. 08. 2016 me fillim n\u00eb ora 10:00 n\u00eb Sall\u00ebn kryesore t\u00eb Qendres p\u00ebr Kulture do organizohet ndarja e roleve p\u00ebr statist\u00eb dhe role t\u00eb tjera ndihm\u00ebse p\u00ebr filmin q\u00eb do filmohet n\u00eb tetor n\u00eb Ulqin. Jan\u00eb t\u00eb nevojshem personat e t\u00eb gjitha moshave kryesisht ato t\u00eb gjinis\u00eb mashkullore k\u00ebshtu q\u00eb ftohen t\u00eb gjith\u00eb t\u00eb interesuarit t\u00eb marrin pjes\u00eb.\u201d<\/p>\n","protected":false},"excerpt":{"rendered":"<p>Lajm\u00ebrim nga kabineti i kryetarit t\u00eb Komun\u00ebs s\u00eb Ulqinit \u201dLajm\u00ebrojm\u00eb qytetar\u00ebt q\u00eb t\u00eb premten gjate dit\u00ebs me 26. 08. 2016 me fillim n\u00eb ora 10:00 n\u00eb Sall\u00ebn kryesore t\u00eb Qendres p\u00ebr Kulture do organizohet ndarja e roleve p\u00ebr statist\u00eb dhe role t\u00eb tjera ndihm\u00ebse p\u00ebr filmin q\u00eb do filmohet n\u00eb tetor n\u00eb Ulqin. Jan\u00eb t\u00eb [&hellip;]<\/p>\n","protected":false},"author":1,"featured_media":10534,"comment_status":"open","ping_status":"open","sticky":false,"template":"","format":"standard","meta":{"_seopress_robots_primary_cat":"","_seopress_titles_title":"","_seopress_titles_desc":"","_seopress_robots_index":"","footnotes":""},"categories":[6],"tags":[170],"class_list":["post-10533","post","type-post","status-publish","format-standard","has-post-thumbnail","hentry","category-kulture","tag-qendra-per-kulture-ulqin"],"_links":{"self":[{"href":"https:\/\/ulqini-online.com\/sajti\/index.php?rest_route=\/wp\/v2\/posts\/10533","targetHints":{"allow":["GET"]}}],"collection":[{"href":"https:\/\/ulqini-online.com\/sajti\/index.php?rest_route=\/wp\/v2\/posts"}],"about":[{"href":"https:\/\/ulqini-online.com\/sajti\/index.php?rest_route=\/wp\/v2\/types\/post"}],"author":[{"embeddable":true,"href":"https:\/\/ulqini-online.com\/sajti\/index.php?rest_route=\/wp\/v2\/users\/1"}],"replies":[{"embeddable":true,"href":"https:\/\/ulqini-online.com\/sajti\/index.php?rest_route=%2Fwp%2Fv2%2Fcomments&post=10533"}],"version-history":[{"count":2,"href":"https:\/\/ulqini-online.com\/sajti\/index.php?rest_route=\/wp\/v2\/posts\/10533\/revisions"}],"predecessor-version":[{"id":10536,"href":"https:\/\/ulqini-online.com\/sajti\/index.php?rest_route=\/wp\/v2\/posts\/10533\/revisions\/10536"}],"wp:featuredmedia":[{"embeddable":true,"href":"https:\/\/ulqini-online.com\/sajti\/index.php?rest_route=\/wp\/v2\/media\/10534"}],"wp:attachment":[{"href":"https:\/\/ulqini-online.com\/sajti\/index.php?rest_route=%2Fwp%2Fv2%2Fmedia&parent=10533"}],"wp:term":[{"taxonomy":"category","embeddable":true,"href":"https:\/\/ulqini-online.com\/sajti\/index.php?rest_route=%2Fwp%2Fv2%2Fcategories&post=10533"},{"taxonomy":"post_tag","embeddable":true,"href":"https:\/\/ulqini-online.com\/sajti\/index.php?rest_route=%2Fwp%2Fv2%2Ftags&post=10533"}],"curies":[{"name":"wp","href":"https:\/\/api.w.org\/{rel}","templated":true}]}}