{"id":10428,"date":"2016-08-15T23:18:31","date_gmt":"2016-08-15T21:18:31","guid":{"rendered":"http:\/\/ulqini-online.com\/sajti\/?p=10428"},"modified":"2016-08-16T20:39:16","modified_gmt":"2016-08-16T18:39:16","slug":"mediat-kosovare-shqiptaret-me-liste-te-perbashket-zgjedhore-ne-mal-te-zi-realiteti-as-per-se-afermi","status":"publish","type":"post","link":"https:\/\/ulqini-online.com\/sajti\/?p=10428","title":{"rendered":"Mediat kosovare: &#8220;Shqiptar\u00ebt me list\u00eb t\u00eb p\u00ebrbashk\u00ebt zgjedhore n\u00eb Mal t\u00eb Zi&#8221; &#8211; Realiteti, as p\u00ebr s\u00eb af\u00ebrmi"},"content":{"rendered":"<p><a href=\"https:\/\/ulqini-online.com\/sajti\/wp-content\/uploads\/2016\/08\/mediat-kosovare-per-listen-e-shqiptareve-ne-zgjedhje-1.jpg\"><img loading=\"lazy\" decoding=\"async\" class=\"size-medium wp-image-10429 alignleft\" src=\"https:\/\/ulqini-online.com\/sajti\/wp-content\/uploads\/2016\/08\/mediat-kosovare-per-listen-e-shqiptareve-ne-zgjedhje-1-300x211.jpg\" alt=\"mediat-kosovare-per-listen-e-shqiptareve-ne-zgjedhje-1\" width=\"300\" height=\"211\" \/><\/a>Mediat kosovare kan\u00eb pasqyruar me tituj bombastik lajmin kinse shqiptaret n\u00eb Mal t\u00eb Zi do t\u00eb garojn\u00eb n\u00eb zgjedhjet e ardhsme me list\u00eb t\u00eb p\u00ebrbashk\u00ebt zgjedhore.<\/p>\n<p>K\u00ebshtu, portali gazetaexpress.com raporton lajmin nga kumtesa e Partis\u00eb Demokratike me titullin &#8221;Shqiptar\u00ebt me list\u00eb t\u00eb p\u00ebrbashk\u00ebt zgjedhore n\u00eb Mal t\u00eb Zi&#8221;.<\/p>\n<p>Pak a shum\u00eb ngjash\u00ebm raporton edhe portali KohaNet ku lajmin p\u00ebr k\u00ebt\u00eb &#8221;bashkim&#8221; e titullon &#8221;Bashkim i shqiptar\u00ebve n\u00eb Mal t\u00eb Zi \u2013 Hajdinaga n\u00eb krye t\u00eb list\u00ebs zgjedhore&#8221;.<\/p>\n<p><a href=\"https:\/\/ulqini-online.com\/sajti\/wp-content\/uploads\/2016\/08\/mediat-kosovare-per-listen-e-shqiptareve-ne-zgjedhje.jpg\"><img loading=\"lazy\" decoding=\"async\" class=\"size-medium wp-image-10430 aligncenter\" src=\"https:\/\/ulqini-online.com\/sajti\/wp-content\/uploads\/2016\/08\/mediat-kosovare-per-listen-e-shqiptareve-ne-zgjedhje-258x300.jpg\" alt=\"mediat-kosovare-per-listen-e-shqiptareve-ne-zgjedhje\" width=\"258\" height=\"300\" srcset=\"https:\/\/ulqini-online.com\/sajti\/wp-content\/uploads\/2016\/08\/mediat-kosovare-per-listen-e-shqiptareve-ne-zgjedhje-258x300.jpg 258w, https:\/\/ulqini-online.com\/sajti\/wp-content\/uploads\/2016\/08\/mediat-kosovare-per-listen-e-shqiptareve-ne-zgjedhje.jpg 350w\" sizes=\"auto, (max-width: 258px) 100vw, 258px\" \/><\/a><\/p>\n<p>T\u00eb gjith\u00eb ato q\u00eb i p\u00ebrcjellin rrjedhat politike n\u00eb Mal t\u00eb Zi e din\u00eb se nga bashkimi i shqiptar\u00ebve n\u00eb nj\u00eb list\u00eb zgjedhore nuk \u00ebsht\u00eb as p\u00ebr af\u00ebrmi realitetit.<\/p>\n<p>Subjektet politike shqiptare n\u00eb Mal t\u00eb Zi n\u00eb zgjedhjet e ardhshme pritet se do t\u00eb dalin m\u00eb s\u00eb paku dy lista zgjedhore, me shum\u00eb gjasa tri ose kat\u00ebr, duke par\u00eb zhvillimet e fundit politike dhe polemikat e ashp\u00ebra t\u00eb tyre n\u00eb mes veti.<\/p>\n<p>Por si ndoshta kurr\u00eb m\u00eb par\u00eb, sujektet shqiptare n\u00eb k\u00ebto zgjedhje do t\u00eb ken\u00eb edhe nj\u00eb gar\u00eb t\u00eb llojit t\u00eb vet: kush m\u00eb af\u00ebr DPS-it, partis\u00eb n\u00eb pushtet.<\/p>\n","protected":false},"excerpt":{"rendered":"<p>Mediat kosovare kan\u00eb pasqyruar me tituj bombastik lajmin kinse shqiptaret n\u00eb Mal t\u00eb Zi do t\u00eb garojn\u00eb n\u00eb zgjedhjet e ardhsme me list\u00eb t\u00eb p\u00ebrbashk\u00ebt zgjedhore. K\u00ebshtu, portali gazetaexpress.com raporton lajmin nga kumtesa e Partis\u00eb Demokratike me titullin &#8221;Shqiptar\u00ebt me list\u00eb t\u00eb p\u00ebrbashk\u00ebt zgjedhore n\u00eb Mal t\u00eb Zi&#8221;. Pak a shum\u00eb ngjash\u00ebm raporton edhe portali [&hellip;]<\/p>\n","protected":false},"author":1,"featured_media":10429,"comment_status":"open","ping_status":"open","sticky":false,"template":"","format":"standard","meta":{"_seopress_robots_primary_cat":"","_seopress_titles_title":"","_seopress_titles_desc":"","_seopress_robots_index":"","footnotes":""},"categories":[2,3],"tags":[96],"class_list":["post-10428","post","type-post","status-publish","format-standard","has-post-thumbnail","hentry","category-aktualitet","category-politike","tag-gezim-hajdinaga"],"_links":{"self":[{"href":"https:\/\/ulqini-online.com\/sajti\/index.php?rest_route=\/wp\/v2\/posts\/10428","targetHints":{"allow":["GET"]}}],"collection":[{"href":"https:\/\/ulqini-online.com\/sajti\/index.php?rest_route=\/wp\/v2\/posts"}],"about":[{"href":"https:\/\/ulqini-online.com\/sajti\/index.php?rest_route=\/wp\/v2\/types\/post"}],"author":[{"embeddable":true,"href":"https:\/\/ulqini-online.com\/sajti\/index.php?rest_route=\/wp\/v2\/users\/1"}],"replies":[{"embeddable":true,"href":"https:\/\/ulqini-online.com\/sajti\/index.php?rest_route=%2Fwp%2Fv2%2Fcomments&post=10428"}],"version-history":[{"count":4,"href":"https:\/\/ulqini-online.com\/sajti\/index.php?rest_route=\/wp\/v2\/posts\/10428\/revisions"}],"predecessor-version":[{"id":10434,"href":"https:\/\/ulqini-online.com\/sajti\/index.php?rest_route=\/wp\/v2\/posts\/10428\/revisions\/10434"}],"wp:featuredmedia":[{"embeddable":true,"href":"https:\/\/ulqini-online.com\/sajti\/index.php?rest_route=\/wp\/v2\/media\/10429"}],"wp:attachment":[{"href":"https:\/\/ulqini-online.com\/sajti\/index.php?rest_route=%2Fwp%2Fv2%2Fmedia&parent=10428"}],"wp:term":[{"taxonomy":"category","embeddable":true,"href":"https:\/\/ulqini-online.com\/sajti\/index.php?rest_route=%2Fwp%2Fv2%2Fcategories&post=10428"},{"taxonomy":"post_tag","embeddable":true,"href":"https:\/\/ulqini-online.com\/sajti\/index.php?rest_route=%2Fwp%2Fv2%2Ftags&post=10428"}],"curies":[{"name":"wp","href":"https:\/\/api.w.org\/{rel}","templated":true}]}}