{"id":10337,"date":"2016-08-08T14:03:41","date_gmt":"2016-08-08T12:03:41","guid":{"rendered":"http:\/\/ulqini-online.com\/sajti\/?p=10337"},"modified":"2016-08-10T20:23:24","modified_gmt":"2016-08-10T18:23:24","slug":"35-ekpozues-me-mbi-mbi-30-000-tituj-te-ndryshem-librash-neser-hapet-panairi-libri-ne-ulqin","status":"publish","type":"post","link":"https:\/\/ulqini-online.com\/sajti\/?p=10337","title":{"rendered":"35 ekpozues me mbi mbi 30.000 tituj t\u00eb ndrysh\u00ebm librash &#8211; U hap Panairi i librit n\u00eb Ulqin"},"content":{"rendered":"<p><strong><a href=\"https:\/\/ulqini-online.com\/sajti\/wp-content\/uploads\/2016\/05\/libra.jpg\"><img loading=\"lazy\" decoding=\"async\" class=\"size-medium wp-image-9032 alignleft\" src=\"https:\/\/ulqini-online.com\/sajti\/wp-content\/uploads\/2016\/05\/libra-300x250.jpg\" alt=\"libra\" width=\"300\" height=\"250\" \/><\/a>Panairi nd\u00ebrkomb\u00ebtar i panairit \u2013 Ulqin, 09.08.2016<\/strong><\/p>\n<p>Panairi nd\u00ebrkomb\u00ebtar i librit n\u00eb Ulqin u hap t\u00eb marten mbr\u00ebma\u00a0 n\u00eb shetitoren e Plazhit t\u00eb vog\u00ebl. N\u00eb k\u00ebt\u00eb manifestim q\u00eb tashm\u00eb \u00ebsht\u00eb b\u00ebr\u00eb tradicionale dhe q\u00eb po mbahet p\u00ebr her\u00eb t\u00eb 16,\u00a0 marrin pjes\u00eb mbi 35 ekpozues nga vendi dhe rajoni dhe do t\u00eb shpalosin mbi 30.000 tituj t\u00eb ndrysh\u00ebm. Me k\u00ebt\u00eb manifestim q\u00eb \u00ebsht\u00eb b\u00ebr\u00eb ngjarje kulturore p\u00ebr vendin ton\u00eb, Ulqini ka konfirmuar q\u00ebndrueshm\u00ebrin\u00eb n\u00eb lib\u00ebr nd\u00ebrsa forca q\u00eb sjell libri \u00ebsht\u00eb dija, bashk\u00ebpunimi, kultura dhe toleranca, k\u00ebshtu m\u00ebsohet nga OT e Ulqinit.<\/p>\n<p>N\u00eb hapje do t\u00eb marr\u00eb pjes\u00eb kryetari i Komun\u00ebs g.Nazif Cungu dhe drejtori i Organizat\u00ebs Turistike t\u00eb Ulqinit Mr Fuad Haxhibeti dhe ky manifestim do te organizohet nen patronatin e Komunes se Ulqinit, Qendres per Kulture dhe Organizates Turistike.<\/p>\n<p>Mir\u00eb se vini !!!<\/p>\n","protected":false},"excerpt":{"rendered":"<p>Panairi nd\u00ebrkomb\u00ebtar i panairit \u2013 Ulqin, 09.08.2016 Panairi nd\u00ebrkomb\u00ebtar i librit n\u00eb Ulqin u hap t\u00eb marten mbr\u00ebma\u00a0 n\u00eb shetitoren e Plazhit t\u00eb vog\u00ebl. N\u00eb k\u00ebt\u00eb manifestim q\u00eb tashm\u00eb \u00ebsht\u00eb b\u00ebr\u00eb tradicionale dhe q\u00eb po mbahet p\u00ebr her\u00eb t\u00eb 16,\u00a0 marrin pjes\u00eb mbi 35 ekpozues nga vendi dhe rajoni dhe do t\u00eb shpalosin mbi 30.000 [&hellip;]<\/p>\n","protected":false},"author":1,"featured_media":9032,"comment_status":"open","ping_status":"open","sticky":false,"template":"","format":"standard","meta":{"_seopress_robots_primary_cat":"","_seopress_titles_title":"","_seopress_titles_desc":"","_seopress_robots_index":"","footnotes":""},"categories":[2,6],"tags":[37],"class_list":["post-10337","post","type-post","status-publish","format-standard","has-post-thumbnail","hentry","category-aktualitet","category-kulture","tag-panairi-libri-ulqin"],"_links":{"self":[{"href":"https:\/\/ulqini-online.com\/sajti\/index.php?rest_route=\/wp\/v2\/posts\/10337","targetHints":{"allow":["GET"]}}],"collection":[{"href":"https:\/\/ulqini-online.com\/sajti\/index.php?rest_route=\/wp\/v2\/posts"}],"about":[{"href":"https:\/\/ulqini-online.com\/sajti\/index.php?rest_route=\/wp\/v2\/types\/post"}],"author":[{"embeddable":true,"href":"https:\/\/ulqini-online.com\/sajti\/index.php?rest_route=\/wp\/v2\/users\/1"}],"replies":[{"embeddable":true,"href":"https:\/\/ulqini-online.com\/sajti\/index.php?rest_route=%2Fwp%2Fv2%2Fcomments&post=10337"}],"version-history":[{"count":5,"href":"https:\/\/ulqini-online.com\/sajti\/index.php?rest_route=\/wp\/v2\/posts\/10337\/revisions"}],"predecessor-version":[{"id":10351,"href":"https:\/\/ulqini-online.com\/sajti\/index.php?rest_route=\/wp\/v2\/posts\/10337\/revisions\/10351"}],"wp:featuredmedia":[{"embeddable":true,"href":"https:\/\/ulqini-online.com\/sajti\/index.php?rest_route=\/wp\/v2\/media\/9032"}],"wp:attachment":[{"href":"https:\/\/ulqini-online.com\/sajti\/index.php?rest_route=%2Fwp%2Fv2%2Fmedia&parent=10337"}],"wp:term":[{"taxonomy":"category","embeddable":true,"href":"https:\/\/ulqini-online.com\/sajti\/index.php?rest_route=%2Fwp%2Fv2%2Fcategories&post=10337"},{"taxonomy":"post_tag","embeddable":true,"href":"https:\/\/ulqini-online.com\/sajti\/index.php?rest_route=%2Fwp%2Fv2%2Ftags&post=10337"}],"curies":[{"name":"wp","href":"https:\/\/api.w.org\/{rel}","templated":true}]}}