{"id":10316,"date":"2016-08-06T15:20:58","date_gmt":"2016-08-06T13:20:58","guid":{"rendered":"http:\/\/ulqini-online.com\/sajti\/?p=10316"},"modified":"2016-08-07T19:40:48","modified_gmt":"2016-08-07T17:40:48","slug":"oso-kuka-i-harruar-a-mos-doni-qe-malazezet-tua-servirin-evidentimin-e-ketij-vendi-historik","status":"publish","type":"post","link":"https:\/\/ulqini-online.com\/sajti\/?p=10316","title":{"rendered":"Oso Kuka i harruar &#8211; &#8221;A mos doni q\u00eb malazez\u00ebt t&#8217;ua servirin evidentimin e k\u00ebtij vendi historik?&#8221;"},"content":{"rendered":"<p><strong><em><a href=\"https:\/\/ulqini-online.com\/sajti\/wp-content\/uploads\/2016\/08\/Kulla-oso-kuka-vranine.jpg\"><img loading=\"lazy\" decoding=\"async\" class=\"size-medium wp-image-10317 alignleft\" src=\"https:\/\/ulqini-online.com\/sajti\/wp-content\/uploads\/2016\/08\/Kulla-oso-kuka-vranine-300x117.jpg\" alt=\"Kulla-oso-kuka-vranine\" width=\"300\" height=\"117\" srcset=\"https:\/\/ulqini-online.com\/sajti\/wp-content\/uploads\/2016\/08\/Kulla-oso-kuka-vranine-300x117.jpg 300w, https:\/\/ulqini-online.com\/sajti\/wp-content\/uploads\/2016\/08\/Kulla-oso-kuka-vranine-768x299.jpg 768w, https:\/\/ulqini-online.com\/sajti\/wp-content\/uploads\/2016\/08\/Kulla-oso-kuka-vranine.jpg 770w\" sizes=\"auto, (max-width: 300px) 100vw, 300px\" \/><\/a><\/em>Oso Kuka i harruar<\/strong><\/p>\n<p><em>Shkruan Flutura A\u00e7ka<\/em><\/p>\n<p>Kjo \u00ebsht\u00eb k\u00ebshjella e famshme e Vranin\u00ebs (dikur ishull kufitar mes shqiptar\u00ebve e malazez\u00ebve). K\u00ebtu n\u00eb ver\u0113n e 1862 Oso Kuka u vra me 24 luft\u00ebtar\u00eb. N\u00eb fund, kur i kishin mbetur edhe dy-tre luft\u00ebtar\u00ebt e fundit, mblodhi barutin dhe shp\u00ebrtheu k\u00ebshjell\u00ebn q\u00eb t\u00eb mos binte i gjall\u00eb n\u00eb duart e armikut.<\/p>\n<p>Tani, djelmoshave t\u00eb rinj t\u00eb m\u00ebsuar me terminologjin\u00eb e multietnis\u00eb, kjo mund t&#8217;u duket e vjet\u00ebruar, por historia \u00ebsht\u00eb histori dhe shenjat e saj duhen ruajtur. Sigurisht nga shqiptar\u00ebt n\u00eb Malin e Zi pritet m\u00eb shum\u00eb. Ky vend historik \u00ebsht\u00eb rrethuar nga ferrat dhe nuk mund ta vizitosh, aty kalon superstrada dhe p\u00ebr t\u00eb b\u00ebr\u00eb nj\u00eb foto rrezikon jet\u00ebn.<\/p>\n<p>E pra, pak metra m\u00eb tutje \u00ebsht\u00eb Virpazar, ku ke parkim, mund\u00ebsi p\u00ebr foto dhe t\u00eb gjitha leht\u00ebsirat e tjera, dhe mbi t\u00eb gjitha, mund\u00ebsin\u00eb p\u00ebr t\u00eb lexuar r\u00ebndesin\u00eb turistike t\u00eb tij. A mos duan shqiptar\u00ebt dhe politikan\u00ebt ne Malin e Zi t&#8217;ua servirin malazez\u00ebt evidentimin e k\u00ebtij vendi historik?<\/p>\n<p>Nuk e di se \u00e7&#8217;projekte kan\u00eb ata p\u00ebr k\u00ebt\u00eb vend, por sa p\u00ebr kujtes\u00eb po u sjell disa vargje p\u00ebr Oso Kuk\u00ebn, n\u00eb to le t\u00eb gjej\u00eb vend kush mendon ende se historia nuk zhb\u00ebhet dot dhe duhet respektuar edhe si e shkuar q\u00eb ndonj\u00ebher\u00eb g\u00ebrvish shk\u00eblqimin (shpesh fals) t\u00eb shum\u00ebetnis\u00eb:<\/p>\n<p><em>Pse n\u00eb Shqypni ka djelm si Zana.<\/em><br \/>\n<em>Qi p\u00ebr mbret e troje t\u00eb veta<\/em><br \/>\n<em>Nuk i dhimet gjaja jeta.<\/em><\/p>\n<p><em>\/Autorja \u00ebsht\u00eb poetesh\u00eb, shkrimtare dhe botuese\/<\/em><\/p>\n","protected":false},"excerpt":{"rendered":"<p>Oso Kuka i harruar Shkruan Flutura A\u00e7ka Kjo \u00ebsht\u00eb k\u00ebshjella e famshme e Vranin\u00ebs (dikur ishull kufitar mes shqiptar\u00ebve e malazez\u00ebve). K\u00ebtu n\u00eb ver\u0113n e 1862 Oso Kuka u vra me 24 luft\u00ebtar\u00eb. N\u00eb fund, kur i kishin mbetur edhe dy-tre luft\u00ebtar\u00ebt e fundit, mblodhi barutin dhe shp\u00ebrtheu k\u00ebshjell\u00ebn q\u00eb t\u00eb mos binte i gjall\u00eb [&hellip;]<\/p>\n","protected":false},"author":1,"featured_media":10317,"comment_status":"open","ping_status":"open","sticky":false,"template":"","format":"standard","meta":{"_seopress_robots_primary_cat":"","_seopress_titles_title":"","_seopress_titles_desc":"","_seopress_robots_index":"","footnotes":""},"categories":[2,4],"tags":[24,25],"class_list":["post-10316","post","type-post","status-publish","format-standard","has-post-thumbnail","hentry","category-aktualitet","category-kronike","tag-oso-kuka","tag-vranina"],"_links":{"self":[{"href":"https:\/\/ulqini-online.com\/sajti\/index.php?rest_route=\/wp\/v2\/posts\/10316","targetHints":{"allow":["GET"]}}],"collection":[{"href":"https:\/\/ulqini-online.com\/sajti\/index.php?rest_route=\/wp\/v2\/posts"}],"about":[{"href":"https:\/\/ulqini-online.com\/sajti\/index.php?rest_route=\/wp\/v2\/types\/post"}],"author":[{"embeddable":true,"href":"https:\/\/ulqini-online.com\/sajti\/index.php?rest_route=\/wp\/v2\/users\/1"}],"replies":[{"embeddable":true,"href":"https:\/\/ulqini-online.com\/sajti\/index.php?rest_route=%2Fwp%2Fv2%2Fcomments&post=10316"}],"version-history":[{"count":4,"href":"https:\/\/ulqini-online.com\/sajti\/index.php?rest_route=\/wp\/v2\/posts\/10316\/revisions"}],"predecessor-version":[{"id":10321,"href":"https:\/\/ulqini-online.com\/sajti\/index.php?rest_route=\/wp\/v2\/posts\/10316\/revisions\/10321"}],"wp:featuredmedia":[{"embeddable":true,"href":"https:\/\/ulqini-online.com\/sajti\/index.php?rest_route=\/wp\/v2\/media\/10317"}],"wp:attachment":[{"href":"https:\/\/ulqini-online.com\/sajti\/index.php?rest_route=%2Fwp%2Fv2%2Fmedia&parent=10316"}],"wp:term":[{"taxonomy":"category","embeddable":true,"href":"https:\/\/ulqini-online.com\/sajti\/index.php?rest_route=%2Fwp%2Fv2%2Fcategories&post=10316"},{"taxonomy":"post_tag","embeddable":true,"href":"https:\/\/ulqini-online.com\/sajti\/index.php?rest_route=%2Fwp%2Fv2%2Ftags&post=10316"}],"curies":[{"name":"wp","href":"https:\/\/api.w.org\/{rel}","templated":true}]}}